{"id":31278,"date":"2025-03-21T08:05:17","date_gmt":"2025-03-21T11:05:17","guid":{"rendered":"https:\/\/radionewsmisiones.ar\/site\/?p=31278"},"modified":"2025-03-21T08:05:22","modified_gmt":"2025-03-21T11:05:22","slug":"elecciones-legislativas-provinciales-2025-se-encuentra-publicado-el-padron-provisorio","status":"publish","type":"post","link":"https:\/\/radionewsmisiones.ar\/site\/provinciales\/elecciones-legislativas-provinciales-2025-se-encuentra-publicado-el-padron-provisorio\/","title":{"rendered":"Elecciones Legislativas Provinciales 2025: Se encuentra publicado el Padr\u00f3n Provisorio"},"content":{"rendered":"\n<p>Desde el 8 de marzo, y hasta el 28 de marzo inclusive, la ciudadan\u00eda de la Provincia de Misiones podr\u00e1 acceder al Padr\u00f3n Provisorio para constatar si sus datos son los correctos con vistas a las pr\u00f3ximas Elecciones Provinciales del 8 de junio.<\/p>\n\n\n\n<figure class=\"wp-block-image size-full\"><img loading=\"lazy\" width=\"1024\" height=\"481\" src=\"https:\/\/radionewsmisiones.ar\/site\/wp-content\/uploads\/2025\/03\/Padron-Provisorio-2025-2-1024x481-1.png\" alt=\"\" class=\"wp-image-31279\" srcset=\"https:\/\/radionewsmisiones.ar\/site\/wp-content\/uploads\/2025\/03\/Padron-Provisorio-2025-2-1024x481-1.png 1024w, https:\/\/radionewsmisiones.ar\/site\/wp-content\/uploads\/2025\/03\/Padron-Provisorio-2025-2-1024x481-1-300x141.png 300w, https:\/\/radionewsmisiones.ar\/site\/wp-content\/uploads\/2025\/03\/Padron-Provisorio-2025-2-1024x481-1-768x361.png 768w\" sizes=\"(max-width: 1024px) 100vw, 1024px\" \/><\/figure>\n\n\n\n<p>Para lo cual se debe ingresar a: <a href=\"https:\/\/padron.electoralmisiones.gov.ar\/\" target=\"_blank\" rel=\"noreferrer noopener\">https:\/\/padron.electoralmisiones.gov.ar<\/a><\/p>\n\n\n\n<p><strong>Pasos a seguir:<\/strong><\/p>\n\n\n\n<ol><li>Al ingresar al link, se habilitar\u00e1 para completar dos campos (DNI (documento nacional de identidad) y el g\u00e9nero que figura en el documento);<\/li><li>luego pedir\u00e1 tildar un cuadro de confirmaci\u00f3n para efectuar la b\u00fasqueda.<\/li><\/ol>\n\n\n\n<hr class=\"wp-block-separator has-alpha-channel-opacity\"\/>\n\n\n\n<p><strong>MUY IMPORTANTE:<\/strong><\/p>\n\n\n\n<ul><li>El link de b\u00fasqueda, y el de reclamo, estar\u00e1 habilitado desde el 8 de marzo hasta el 28 de marzo;<\/li><li>En caso de no aparecer en el Padr\u00f3n Provisorio o existiera alguna diferencia o dato err\u00f3neo, debe realizarse el reclamo;<\/li><\/ul>\n\n\n\n<p><strong>Preguntas Frecuentes respecto al Padr\u00f3n Provisorio:<\/strong><\/p>\n\n\n\n<ul><li>\u00bfQu\u00e9 datos del elector muestra la b\u00fasqueda en el Padr\u00f3n Provisorio?<\/li><\/ul>\n\n\n\n<p>En el Padr\u00f3n Provisorio se muestra:<\/p>\n\n\n\n<p>Nombre y Apellido<\/p>\n\n\n\n<p>Domicilio<\/p>\n\n\n\n<p>N\u00famero de DNI<\/p>\n\n\n\n<p>Tipo de Ejemplar del DNI.<\/p>\n\n\n\n<ul><li>\u00bfPor qu\u00e9 no figura el centro de votaci\u00f3n y la mesa donde voto?<\/li><\/ul>\n\n\n\n<p>En el Padr\u00f3n Provisorio se encuentran los datos censales del elector, las definiciones respecto a centros de votaci\u00f3n y mesas espec\u00edficas se publicar\u00e1n con el <strong>Padr\u00f3n Definitivo<\/strong> (a publicarse el 9 de mayo de 2025).<\/p>\n\n\n\n<ul><li>\u00bfQu\u00e9 hacer en caso de querer realizar un reclamo?<\/li><\/ul>\n\n\n\n<p>Desde el 8 de marzo, hasta el 28 de marzo inclusive, los reclamos se realizan ante la C\u00e1mara Nacional Electoral a trav\u00e9s de <a href=\"https:\/\/www.padron.gob.ar\/cne_reclamos\/\" target=\"_blank\" rel=\"noreferrer noopener\">https:\/\/www.padron.gob.ar\/cne_reclamos\/<\/a><\/p>\n","protected":false},"excerpt":{"rendered":"<p>Desde el 8 de marzo, y hasta el 28 de marzo inclusive, la ciudadan&iacute;a de la Provincia de Misiones podr&aacute; acceder al Padr&oacute;n Provisorio para constatar si sus datos son&hellip; <\/p>\n","protected":false},"author":3,"featured_media":31279,"comment_status":"closed","ping_status":"closed","sticky":false,"template":"","format":"standard","meta":{"_monsterinsights_skip_tracking":false,"_monsterinsights_sitenote_active":false,"_monsterinsights_sitenote_note":"","_monsterinsights_sitenote_category":0},"categories":[3],"tags":[763],"aioseo_notices":[],"_links":{"self":[{"href":"https:\/\/radionewsmisiones.ar\/site\/wp-json\/wp\/v2\/posts\/31278"}],"collection":[{"href":"https:\/\/radionewsmisiones.ar\/site\/wp-json\/wp\/v2\/posts"}],"about":[{"href":"https:\/\/radionewsmisiones.ar\/site\/wp-json\/wp\/v2\/types\/post"}],"author":[{"embeddable":true,"href":"https:\/\/radionewsmisiones.ar\/site\/wp-json\/wp\/v2\/users\/3"}],"replies":[{"embeddable":true,"href":"https:\/\/radionewsmisiones.ar\/site\/wp-json\/wp\/v2\/comments?post=31278"}],"version-history":[{"count":1,"href":"https:\/\/radionewsmisiones.ar\/site\/wp-json\/wp\/v2\/posts\/31278\/revisions"}],"predecessor-version":[{"id":31280,"href":"https:\/\/radionewsmisiones.ar\/site\/wp-json\/wp\/v2\/posts\/31278\/revisions\/31280"}],"wp:featuredmedia":[{"embeddable":true,"href":"https:\/\/radionewsmisiones.ar\/site\/wp-json\/wp\/v2\/media\/31279"}],"wp:attachment":[{"href":"https:\/\/radionewsmisiones.ar\/site\/wp-json\/wp\/v2\/media?parent=31278"}],"wp:term":[{"taxonomy":"category","embeddable":true,"href":"https:\/\/radionewsmisiones.ar\/site\/wp-json\/wp\/v2\/categories?post=31278"},{"taxonomy":"post_tag","embeddable":true,"href":"https:\/\/radionewsmisiones.ar\/site\/wp-json\/wp\/v2\/tags?post=31278"}],"curies":[{"name":"wp","href":"https:\/\/api.w.org\/{rel}","templated":true}]}}