{"id":31290,"date":"2025-03-21T08:14:04","date_gmt":"2025-03-21T11:14:04","guid":{"rendered":"https:\/\/radionewsmisiones.ar\/site\/?p=31290"},"modified":"2025-03-21T09:04:10","modified_gmt":"2025-03-21T12:04:10","slug":"ate-realiza-una-escala-previa-a-la-huelga-de-la-cgt-paro-y-movilizacion-el-27-para-evitar-50-000-despidos","status":"publish","type":"post","link":"https:\/\/radionewsmisiones.ar\/site\/nacionales\/ate-realiza-una-escala-previa-a-la-huelga-de-la-cgt-paro-y-movilizacion-el-27-para-evitar-50-000-despidos\/","title":{"rendered":"ATE realiza una escala previa a la huelga de la CGT: Paro y movilizaci\u00f3n el 27 para evitar 50.000 despidos"},"content":{"rendered":"\n<p>\u201cLos estatales no podemos esperar hasta abril. Tenemos que evitar que a fin de mes el Gobierno ejecute un nuevo recorte en el Estado. Todos los contratos que vencen el 31 deben ser renovados de manera autom\u00e1tica. No toleraremos cesant\u00edas masivas\u201d, apunt\u00f3 Rodolfo Aguiar.<\/p>\n\n\n\n<figure class=\"wp-block-image size-large\"><img loading=\"lazy\" width=\"1024\" height=\"682\" src=\"https:\/\/radionewsmisiones.ar\/site\/wp-content\/uploads\/2025\/03\/WhatsApp-Image-2025-03-21-at-08.11.09-1024x682.jpeg\" alt=\"\" class=\"wp-image-31291\" srcset=\"https:\/\/radionewsmisiones.ar\/site\/wp-content\/uploads\/2025\/03\/WhatsApp-Image-2025-03-21-at-08.11.09-1024x682.jpeg 1024w, https:\/\/radionewsmisiones.ar\/site\/wp-content\/uploads\/2025\/03\/WhatsApp-Image-2025-03-21-at-08.11.09-300x200.jpeg 300w, https:\/\/radionewsmisiones.ar\/site\/wp-content\/uploads\/2025\/03\/WhatsApp-Image-2025-03-21-at-08.11.09-768x512.jpeg 768w, https:\/\/radionewsmisiones.ar\/site\/wp-content\/uploads\/2025\/03\/WhatsApp-Image-2025-03-21-at-08.11.09.jpeg 1280w\" sizes=\"(max-width: 1024px) 100vw, 1024px\" \/><\/figure>\n\n\n\n<p>Luego del anuncio de la CGT de realizar una Huelga General el d\u00eda 10 de abril, la Asociaci\u00f3n Trabajadores del Estado (ATE) anunci\u00f3 que previamente realizar\u00e1 un Paro Nacional de estatales el 27 de marzo con movilizaci\u00f3n al Ministerio de Desregulaci\u00f3n y Transformaci\u00f3n del Estado que dirige Federico Sturzenegger.<\/p>\n\n\n\n<p>\u201cLos estatales no podemos esperar hasta abril. Tenemos que evitar que a fin de mes el Gobierno ejecute un nuevo recorte en el Estado. Todos los contratos que vencen el 31 deben ser renovados de manera autom\u00e1tica. No toleraremos cesant\u00edas masivas\u201d, asegur\u00f3 Rodolfo Aguiar, Secretario General de ATE Nacional, confirmando que el sindicato estatal que integra la CTA Aut\u00f3noma tambi\u00e9n adherir\u00e1 al Paro General convocado por las centrales obreras para el 10 de abril.<\/p>\n\n\n\n<p>Son m\u00e1s de 50 mil los v\u00ednculos laborales que vencen el 31 de marzo y ATE exige que cumplan con la renovaci\u00f3n autom\u00e1tica y anual, seg\u00fan lo establecido en la Resoluci\u00f3n 26\/24 del Ministerio de Desregulaci\u00f3n y Transformaci\u00f3n del Estado. \u201cNos vamos a movilizar hasta el Ministerio que conduce Sturzenegger porque es \u00e9l el arquitecto, el que propone compensar el costo fiscal de los 800 millones de d\u00f3lares que supone la baja de retenciones al campo y la eliminaci\u00f3n de impuestos a los autos de alta gama con un nuevo achique del sector p\u00fablico proponiendo el cierre y la fusi\u00f3n de numerosos organismos\u201d, apunt\u00f3 el dirigente de ATE.<\/p>\n\n\n\n<p>\u201cAdem\u00e1s tenemos que romper con el congelamiento salarial en la Administraci\u00f3n P\u00fablica. Deben reabrirse de manera inmediata las paritarias y garantizar que el da\u00f1o que sufrieron los salarios sea reparado\u201d, agreg\u00f3 Rodolfo Aguiar. La paritaria estatal qued\u00f3 44,4% por debajo de la inflaci\u00f3n en 2024 y este a\u00f1o los aumentos en los primeros meses tambi\u00e9n quedaron relegados frente al IPC: 1,5% en enero y 1,2% en febrero, con las negociaciones habiendo pasado a un cuarto intermedio desde entonces.<\/p>\n\n\n\n<p>\u201cTiene que ser una medida que tambi\u00e9n permita ponerle l\u00edmites al impulso no democr\u00e1tico y esa simpat\u00eda por reprimir que muestra el Gobierno. Un paro con movilizaci\u00f3n nos permitir\u00e1 seguir defendiendo nuestro derecho constitucional a manifestarnos y peticionar libremente a las autoridades\u201d, concluy\u00f3 el Secretario General de ATE Nacional.<\/p>\n\n\n\n<p>Adem\u00e1s de la movilizaci\u00f3n a la cartera de Sturzenegger, ubicada en Av. Roque S\u00e1enz Pe\u00f1a 788 de la Ciudad Aut\u00f3noma de Buenos Aires, ATE marchar\u00e1 junto a movimientos sociales y sindicatos el lunes 24 de marzo, D\u00eda de la Memoria por la Verdad y la Justicia<\/p>\n","protected":false},"excerpt":{"rendered":"<p>&ldquo;Los estatales no podemos esperar hasta abril. Tenemos que evitar que a fin de mes el Gobierno ejecute un nuevo recorte en el Estado. Todos los contratos que vencen el&hellip; <\/p>\n","protected":false},"author":3,"featured_media":31291,"comment_status":"closed","ping_status":"closed","sticky":false,"template":"","format":"standard","meta":{"_monsterinsights_skip_tracking":false,"_monsterinsights_sitenote_active":false,"_monsterinsights_sitenote_note":"","_monsterinsights_sitenote_category":0},"categories":[4],"tags":[504],"aioseo_notices":[],"_links":{"self":[{"href":"https:\/\/radionewsmisiones.ar\/site\/wp-json\/wp\/v2\/posts\/31290"}],"collection":[{"href":"https:\/\/radionewsmisiones.ar\/site\/wp-json\/wp\/v2\/posts"}],"about":[{"href":"https:\/\/radionewsmisiones.ar\/site\/wp-json\/wp\/v2\/types\/post"}],"author":[{"embeddable":true,"href":"https:\/\/radionewsmisiones.ar\/site\/wp-json\/wp\/v2\/users\/3"}],"replies":[{"embeddable":true,"href":"https:\/\/radionewsmisiones.ar\/site\/wp-json\/wp\/v2\/comments?post=31290"}],"version-history":[{"count":1,"href":"https:\/\/radionewsmisiones.ar\/site\/wp-json\/wp\/v2\/posts\/31290\/revisions"}],"predecessor-version":[{"id":31292,"href":"https:\/\/radionewsmisiones.ar\/site\/wp-json\/wp\/v2\/posts\/31290\/revisions\/31292"}],"wp:featuredmedia":[{"embeddable":true,"href":"https:\/\/radionewsmisiones.ar\/site\/wp-json\/wp\/v2\/media\/31291"}],"wp:attachment":[{"href":"https:\/\/radionewsmisiones.ar\/site\/wp-json\/wp\/v2\/media?parent=31290"}],"wp:term":[{"taxonomy":"category","embeddable":true,"href":"https:\/\/radionewsmisiones.ar\/site\/wp-json\/wp\/v2\/categories?post=31290"},{"taxonomy":"post_tag","embeddable":true,"href":"https:\/\/radionewsmisiones.ar\/site\/wp-json\/wp\/v2\/tags?post=31290"}],"curies":[{"name":"wp","href":"https:\/\/api.w.org\/{rel}","templated":true}]}}