{"id":31293,"date":"2025-03-21T08:33:43","date_gmt":"2025-03-21T11:33:43","guid":{"rendered":"https:\/\/radionewsmisiones.ar\/site\/?p=31293"},"modified":"2025-03-21T08:33:52","modified_gmt":"2025-03-21T11:33:52","slug":"inversion-en-educacion-picada-taruma-celebra-nueva-escuela","status":"publish","type":"post","link":"https:\/\/radionewsmisiones.ar\/site\/provinciales\/inversion-en-educacion-picada-taruma-celebra-nueva-escuela\/","title":{"rendered":"Inversi\u00f3n en Educaci\u00f3n: Picada Tarum\u00e1 Celebra Nueva Escuela"},"content":{"rendered":"\n<p>La comunidad de Picada Tarum\u00e1 celebr\u00f3 con entusiasmo la inauguraci\u00f3n de la nueva sede de la UGL N\u00b015 Extensi\u00f3n Aula Sat\u00e9lite N\u00b0 2 Escuela 350. La moderna instituci\u00f3n educativa, equipada con instalaciones adecuadas para todos los niveles de ense\u00f1anza, fue recibida con gran satisfacci\u00f3n por padres, alumnos y docentes.<\/p>\n\n\n\n<figure class=\"wp-block-video\"><video controls src=\"https:\/\/radionewsmisiones.ar\/site\/wp-content\/uploads\/2025\/03\/WhatsApp-Video-2025-03-21-at-08.31.19.mp4\"><\/video><\/figure>\n\n\n\n<p>\u00abEstamos inmensamente agradecidos a todos los entes que colaboraron para hacer realidad esta hermosa escuela\u00bb, expres\u00f3 Juan Carlos Castellanos, coordinador de la UGL N\u00b015. \u00abEste nuevo espacio es un paso fundamental para garantizar el acceso a una educaci\u00f3n de calidad para nuestros ni\u00f1os y j\u00f3venes\u00bb.<\/p>\n\n\n\n<p>La construcci\u00f3n de la escuela responde al compromiso de las autoridades de proporcionar condiciones edilicias \u00f3ptimas para el desarrollo del proceso educativo. La iniciativa se enmarca en la Ley Nacional de Educaci\u00f3n N\u00ba 26.206, que establece la importancia de mejorar el acceso y la funcionalidad de los establecimientos educativos para alcanzar los niveles de calidad deseados.<\/p>\n\n\n\n<p>La misma cuenta con aulas amplias y luminosas, espacios recreativos y \u00e1reas de apoyo pedag\u00f3gico, dise\u00f1ados para fomentar el aprendizaje y el desarrollo integral de los estudiantes. La comunidad destaca la importancia de contar con un espacio seguro y confortable que contribuya a la formaci\u00f3n de las futuras generaciones.<\/p>\n\n\n\n<p>La inauguraci\u00f3n de la escuela en Picada Tarum\u00e1 es un ejemplo del compromiso de las autoridades con la educaci\u00f3n y el desarrollo de las comunidades rurales. La inversi\u00f3n en infraestructura educativa es fundamental para garantizar la igualdad de oportunidades y construir un futuro mejor para todos.<\/p>\n","protected":false},"excerpt":{"rendered":"<p>La comunidad de Picada Tarum&aacute; celebr&oacute; con entusiasmo la inauguraci&oacute;n de la nueva sede de la UGL N&deg;15 Extensi&oacute;n Aula Sat&eacute;lite N&deg; 2 Escuela 350. La moderna instituci&oacute;n educativa, equipada&hellip; <\/p>\n","protected":false},"author":3,"featured_media":31295,"comment_status":"closed","ping_status":"closed","sticky":false,"template":"","format":"standard","meta":{"_monsterinsights_skip_tracking":false,"_monsterinsights_sitenote_active":false,"_monsterinsights_sitenote_note":"","_monsterinsights_sitenote_category":0},"categories":[3],"tags":[26],"aioseo_notices":[],"_links":{"self":[{"href":"https:\/\/radionewsmisiones.ar\/site\/wp-json\/wp\/v2\/posts\/31293"}],"collection":[{"href":"https:\/\/radionewsmisiones.ar\/site\/wp-json\/wp\/v2\/posts"}],"about":[{"href":"https:\/\/radionewsmisiones.ar\/site\/wp-json\/wp\/v2\/types\/post"}],"author":[{"embeddable":true,"href":"https:\/\/radionewsmisiones.ar\/site\/wp-json\/wp\/v2\/users\/3"}],"replies":[{"embeddable":true,"href":"https:\/\/radionewsmisiones.ar\/site\/wp-json\/wp\/v2\/comments?post=31293"}],"version-history":[{"count":1,"href":"https:\/\/radionewsmisiones.ar\/site\/wp-json\/wp\/v2\/posts\/31293\/revisions"}],"predecessor-version":[{"id":31296,"href":"https:\/\/radionewsmisiones.ar\/site\/wp-json\/wp\/v2\/posts\/31293\/revisions\/31296"}],"wp:featuredmedia":[{"embeddable":true,"href":"https:\/\/radionewsmisiones.ar\/site\/wp-json\/wp\/v2\/media\/31295"}],"wp:attachment":[{"href":"https:\/\/radionewsmisiones.ar\/site\/wp-json\/wp\/v2\/media?parent=31293"}],"wp:term":[{"taxonomy":"category","embeddable":true,"href":"https:\/\/radionewsmisiones.ar\/site\/wp-json\/wp\/v2\/categories?post=31293"},{"taxonomy":"post_tag","embeddable":true,"href":"https:\/\/radionewsmisiones.ar\/site\/wp-json\/wp\/v2\/tags?post=31293"}],"curies":[{"name":"wp","href":"https:\/\/api.w.org\/{rel}","templated":true}]}}