{"id":31371,"date":"2025-03-26T08:01:41","date_gmt":"2025-03-26T11:01:41","guid":{"rendered":"https:\/\/radionewsmisiones.ar\/site\/?p=31371"},"modified":"2025-03-26T08:01:46","modified_gmt":"2025-03-26T11:01:46","slug":"ate-denuncio-que-funcionarios-tendran-aumentos-por-despedir-trabajadores-y-manana-realiza-un-paro-nacional","status":"publish","type":"post","link":"https:\/\/radionewsmisiones.ar\/site\/nacionales\/ate-denuncio-que-funcionarios-tendran-aumentos-por-despedir-trabajadores-y-manana-realiza-un-paro-nacional\/","title":{"rendered":"ATE denunci\u00f3 que funcionarios tendr\u00e1n aumentos por despedir trabajadores y ma\u00f1ana realiza un Paro Nacional"},"content":{"rendered":"\n<p>\u201cEsta gente vino al Estado s\u00f3lo a llenar sus bolsillos. Son mercenarios que cobran por hacer el trabajo sucio. Se apoderaron del Estado CEOs fracasados que nos est\u00e1n costando muy caro a todos los argentinos\u201d, indic\u00f3 Rodolfo Aguiar. El 31 de marzo vencen 50.000 contratos y el sindicato exige su renovaci\u00f3n autom\u00e1tica.<\/p>\n\n\n\n<figure class=\"wp-block-image size-large\"><img loading=\"lazy\" width=\"708\" height=\"1024\" src=\"https:\/\/radionewsmisiones.ar\/site\/wp-content\/uploads\/2025\/03\/WhatsApp-Image-2025-03-26-at-07.40.46-708x1024.jpeg\" alt=\"\" class=\"wp-image-31372\" srcset=\"https:\/\/radionewsmisiones.ar\/site\/wp-content\/uploads\/2025\/03\/WhatsApp-Image-2025-03-26-at-07.40.46-708x1024.jpeg 708w, https:\/\/radionewsmisiones.ar\/site\/wp-content\/uploads\/2025\/03\/WhatsApp-Image-2025-03-26-at-07.40.46-207x300.jpeg 207w, https:\/\/radionewsmisiones.ar\/site\/wp-content\/uploads\/2025\/03\/WhatsApp-Image-2025-03-26-at-07.40.46-768x1111.jpeg 768w, https:\/\/radionewsmisiones.ar\/site\/wp-content\/uploads\/2025\/03\/WhatsApp-Image-2025-03-26-at-07.40.46.jpeg 1023w\" sizes=\"(max-width: 708px) 100vw, 708px\" \/><\/figure>\n\n\n\n<p>Luego de publicarse la Decisi\u00f3n Administrativa 7\/25 de la Jefatura de Gabinetes podr\u00e1n asignarse unidades retributivas adicionales en funci\u00f3n del ahorro presupuestario generado por la reducci\u00f3n de dotaci\u00f3n de personal de la respectiva Jurisdicci\u00f3n, la Asociaci\u00f3n Trabajadores del Estado (ATE) ratific\u00f3 el Paro con movilizaci\u00f3n al Ministerio de Desregulaci\u00f3n y Transformaci\u00f3n del Estado ma\u00f1ana a las 12.<\/p>\n\n\n\n<p>\u201cEsta gente vino al Estado s\u00f3lo a llenar sus bolsillos. Ahora les van a aumentar el sueldo a los funcionarios que m\u00e1s despidan. Esto no pas\u00f3 nunca. Son mercenarios que cobran por hacer el trabajo sucio. Se apoderaron del Estado CEOs fracasados que nos est\u00e1n costando muy caro a todos los argentinos. Todos los d\u00edas nos dicen que ahorran y achican, pero nadie sabe qui\u00e9n se beneficia de esos recortes. Evidentemente el hecho de volver a recurrir al FMI demuestra el fracaso del actual programa econ\u00f3mico\u201d, apunt\u00f3 Rodolfo Aguiar, Secretario General de ATE Nacional.<\/p>\n\n\n\n<p>Sobre el Paro de ma\u00f1ana, el dirigente asegur\u00f3: \u201cLa medida de fuerza tendr\u00e1 un alto acatamiento. En la administraci\u00f3n p\u00fablica el malestar es creciente en todo el pa\u00eds. Exigimos la renovaci\u00f3n autom\u00e1tica de los m\u00e1s de 50 mil contratos que vencen a fin de mes. Rechazamos cualquier posibilidad de que pretendan compensar el costo fiscal de la rebaja de retenciones al campo y la eliminaci\u00f3n de impuestos a la compra de autos de alta gama con nuevos despidos masivos\u201d.<\/p>\n\n\n\n<p>\u201cLas paritarias se deben reabrir de manera inmediata y reparar el deterioro grave que han sufrido todos los salarios. Con aumentos que se han ubicado sistem\u00e1ticamente por debajo de la inflaci\u00f3n, la mayor parte de los ingresos en el sector p\u00fablico quedaron por debajo de la l\u00ednea de pobreza\u201d, concluy\u00f3 Rodolfo Aguiar.<\/p>\n\n\n\n<p>El sindicato denunci\u00f3 que se trata de un desv\u00edo de fondos en detrimento del pueblo, ya que el supuesto ahorro que busca generar el Gobierno con los despidos ilegales ir\u00e1 a parar al bolsillo de funcionarios de segunda o tercera l\u00ednea hasta alcanzar la remuneraci\u00f3n de ministro, seg\u00fan la norma publicada en el Bolet\u00edn Oficial.<\/p>\n\n\n\n<p>Ante esta situaci\u00f3n, sumado a los 50 mil contratos que finalizan el 31 de marzo que el Ejecutivo pretende despedir, con una p\u00e9rdida del poder adquisitivo del 44,4% durante el 2024 que se profundiza en los primeros meses del 2025, con aumentos por debajo de la inflaci\u00f3n (1,5% en enero y 1,2% en febrero), y las paritarias que se mantienen congeladas desde febrero sin llamado a\u00fan para retomar las negociaciones este mes, el sindicato concentrar\u00e1 ma\u00f1ana a las 12 en el Ministerio de Trabajo (Av. Alem y Viamonte, CABA) y se movilizar\u00e1 a la cartera que conduce Federico Sturzenegger, con direcci\u00f3n en Av. Roque S\u00e1enz Pe\u00f1a 788.<\/p>\n","protected":false},"excerpt":{"rendered":"<p>&ldquo;Esta gente vino al Estado s&oacute;lo a llenar sus bolsillos. Son mercenarios que cobran por hacer el trabajo sucio. Se apoderaron del Estado CEOs fracasados que nos est&aacute;n costando muy&hellip; <\/p>\n","protected":false},"author":3,"featured_media":31373,"comment_status":"closed","ping_status":"closed","sticky":false,"template":"","format":"standard","meta":{"_monsterinsights_skip_tracking":false,"_monsterinsights_sitenote_active":false,"_monsterinsights_sitenote_note":"","_monsterinsights_sitenote_category":0},"categories":[4],"tags":[504],"aioseo_notices":[],"_links":{"self":[{"href":"https:\/\/radionewsmisiones.ar\/site\/wp-json\/wp\/v2\/posts\/31371"}],"collection":[{"href":"https:\/\/radionewsmisiones.ar\/site\/wp-json\/wp\/v2\/posts"}],"about":[{"href":"https:\/\/radionewsmisiones.ar\/site\/wp-json\/wp\/v2\/types\/post"}],"author":[{"embeddable":true,"href":"https:\/\/radionewsmisiones.ar\/site\/wp-json\/wp\/v2\/users\/3"}],"replies":[{"embeddable":true,"href":"https:\/\/radionewsmisiones.ar\/site\/wp-json\/wp\/v2\/comments?post=31371"}],"version-history":[{"count":1,"href":"https:\/\/radionewsmisiones.ar\/site\/wp-json\/wp\/v2\/posts\/31371\/revisions"}],"predecessor-version":[{"id":31374,"href":"https:\/\/radionewsmisiones.ar\/site\/wp-json\/wp\/v2\/posts\/31371\/revisions\/31374"}],"wp:featuredmedia":[{"embeddable":true,"href":"https:\/\/radionewsmisiones.ar\/site\/wp-json\/wp\/v2\/media\/31373"}],"wp:attachment":[{"href":"https:\/\/radionewsmisiones.ar\/site\/wp-json\/wp\/v2\/media?parent=31371"}],"wp:term":[{"taxonomy":"category","embeddable":true,"href":"https:\/\/radionewsmisiones.ar\/site\/wp-json\/wp\/v2\/categories?post=31371"},{"taxonomy":"post_tag","embeddable":true,"href":"https:\/\/radionewsmisiones.ar\/site\/wp-json\/wp\/v2\/tags?post=31371"}],"curies":[{"name":"wp","href":"https:\/\/api.w.org\/{rel}","templated":true}]}}