{"id":31375,"date":"2025-03-26T08:22:20","date_gmt":"2025-03-26T11:22:20","guid":{"rendered":"https:\/\/radionewsmisiones.ar\/site\/?p=31375"},"modified":"2025-03-26T08:22:24","modified_gmt":"2025-03-26T11:22:24","slug":"convenio-entre-la-procuracion-de-misiones-y-el-ministerio-publico-fiscal-de-caba","status":"publish","type":"post","link":"https:\/\/radionewsmisiones.ar\/site\/provinciales\/convenio-entre-la-procuracion-de-misiones-y-el-ministerio-publico-fiscal-de-caba\/","title":{"rendered":"Convenio entre la Procuraci\u00f3n de Misiones y el Ministerio P\u00fablico Fiscal de CABA"},"content":{"rendered":"\n<p>En la b\u00fasqueda por avanzar en la cooperaci\u00f3n institucional, el procurador general de la provincia de Misiones, Carlos Gim\u00e9nez, firm\u00f3 un convenio de colaboraci\u00f3n con el fiscal general, Juan Bautista Mahiques, a cargo del Ministerio P\u00fablico Fiscal de la Ciudad Aut\u00f3noma de Buenos Aires. El acto tuvo lugar en la sede del Ministerio P\u00fablico Fiscal porte\u00f1o y reuni\u00f3 a destacados funcionarios de ambas jurisdicciones.<\/p>\n\n\n\n<figure class=\"wp-block-image size-large\"><img loading=\"lazy\" width=\"1024\" height=\"682\" src=\"https:\/\/radionewsmisiones.ar\/site\/wp-content\/uploads\/2025\/03\/WhatsApp-Image-2025-03-25-at-11.41.11-1024x682.jpeg\" alt=\"\" class=\"wp-image-31376\" srcset=\"https:\/\/radionewsmisiones.ar\/site\/wp-content\/uploads\/2025\/03\/WhatsApp-Image-2025-03-25-at-11.41.11-1024x682.jpeg 1024w, https:\/\/radionewsmisiones.ar\/site\/wp-content\/uploads\/2025\/03\/WhatsApp-Image-2025-03-25-at-11.41.11-300x200.jpeg 300w, https:\/\/radionewsmisiones.ar\/site\/wp-content\/uploads\/2025\/03\/WhatsApp-Image-2025-03-25-at-11.41.11-768x512.jpeg 768w, https:\/\/radionewsmisiones.ar\/site\/wp-content\/uploads\/2025\/03\/WhatsApp-Image-2025-03-25-at-11.41.11.jpeg 1280w\" sizes=\"(max-width: 1024px) 100vw, 1024px\" \/><\/figure>\n\n\n\n<p><br>Este convenio busca fortalecer la colaboraci\u00f3n en materia penal, as\u00ed como el intercambio de informaci\u00f3n y buenas pr\u00e1cticas entre los dos organismos. Durante la firma, Gim\u00e9nez destac\u00f3 la importancia de establecer lazos entre las provincias y la Capital para abordar de manera m\u00e1s efectiva los desaf\u00edos que enfrenta el sistema judicial en la actualidad.<\/p>\n\n\n\n<p><br>\u00abCon este acuerdo promovemos un trabajo en conjunto que beneficiar\u00e1 a los ciudadanos de ambas jurisdicciones\u00bb, afirm\u00f3 Gim\u00e9nez. \u00abEs fundamental contar con un sistema interconectado que permita una respuesta m\u00e1s \u00e1gil y eficaz\u201d.<\/p>\n\n\n\n<p><br>Por su parte, las autoridades del Ministerio P\u00fablico Fiscal de Buenos Aires expresaron su satisfacci\u00f3n por la firma del convenio, resaltando la relevancia de unir esfuerzos \u00abLa colaboraci\u00f3n es clave en la tarea de garantizar justicia y seguridad para todos\u00bb, se\u00f1al\u00f3 Mahiques.<\/p>\n\n\n\n<p><br>Este convenio representa un avance significativo en el establecimiento de redes de cooperaci\u00f3n que buscan mejorar no solo la eficacia de la justicia, sino tambi\u00e9n fomentar el trabajo multidisciplinario entre los organismos fiscales de diferentes provincias.<\/p>\n","protected":false},"excerpt":{"rendered":"<p>En la b&uacute;squeda por avanzar en la cooperaci&oacute;n institucional, el procurador general de la provincia de Misiones, Carlos Gim&eacute;nez, firm&oacute; un convenio de colaboraci&oacute;n con el fiscal general, Juan Bautista&hellip; <\/p>\n","protected":false},"author":3,"featured_media":31377,"comment_status":"closed","ping_status":"closed","sticky":false,"template":"","format":"standard","meta":{"_monsterinsights_skip_tracking":false,"_monsterinsights_sitenote_active":false,"_monsterinsights_sitenote_note":"","_monsterinsights_sitenote_category":0},"categories":[3],"tags":[29],"aioseo_notices":[],"_links":{"self":[{"href":"https:\/\/radionewsmisiones.ar\/site\/wp-json\/wp\/v2\/posts\/31375"}],"collection":[{"href":"https:\/\/radionewsmisiones.ar\/site\/wp-json\/wp\/v2\/posts"}],"about":[{"href":"https:\/\/radionewsmisiones.ar\/site\/wp-json\/wp\/v2\/types\/post"}],"author":[{"embeddable":true,"href":"https:\/\/radionewsmisiones.ar\/site\/wp-json\/wp\/v2\/users\/3"}],"replies":[{"embeddable":true,"href":"https:\/\/radionewsmisiones.ar\/site\/wp-json\/wp\/v2\/comments?post=31375"}],"version-history":[{"count":1,"href":"https:\/\/radionewsmisiones.ar\/site\/wp-json\/wp\/v2\/posts\/31375\/revisions"}],"predecessor-version":[{"id":31378,"href":"https:\/\/radionewsmisiones.ar\/site\/wp-json\/wp\/v2\/posts\/31375\/revisions\/31378"}],"wp:featuredmedia":[{"embeddable":true,"href":"https:\/\/radionewsmisiones.ar\/site\/wp-json\/wp\/v2\/media\/31377"}],"wp:attachment":[{"href":"https:\/\/radionewsmisiones.ar\/site\/wp-json\/wp\/v2\/media?parent=31375"}],"wp:term":[{"taxonomy":"category","embeddable":true,"href":"https:\/\/radionewsmisiones.ar\/site\/wp-json\/wp\/v2\/categories?post=31375"},{"taxonomy":"post_tag","embeddable":true,"href":"https:\/\/radionewsmisiones.ar\/site\/wp-json\/wp\/v2\/tags?post=31375"}],"curies":[{"name":"wp","href":"https:\/\/api.w.org\/{rel}","templated":true}]}}