{"id":31758,"date":"2025-04-04T07:54:49","date_gmt":"2025-04-04T10:54:49","guid":{"rendered":"https:\/\/radionewsmisiones.ar\/site\/?p=31758"},"modified":"2025-04-04T07:54:54","modified_gmt":"2025-04-04T10:54:54","slug":"mesa-de-trabajo-entre-autoridades-del-stj-asociacion-de-magistrados-y-gremio","status":"publish","type":"post","link":"https:\/\/radionewsmisiones.ar\/site\/provinciales\/mesa-de-trabajo-entre-autoridades-del-stj-asociacion-de-magistrados-y-gremio\/","title":{"rendered":"Mesa de trabajo entre autoridades del STJ, Asociaci\u00f3n de Magistrados y Gremio"},"content":{"rendered":"\n<p>La presidente del Superior Tribunal de Justicia, Rosanna P\u00eda Venchiarutti Sartori, se reuni\u00f3 con autoridades de la instituci\u00f3n en una mesa de trabajo, este jueves 3 en en el Sal\u00f3n de Acuerdo del Edificio de Tribunales, ocasi\u00f3n en la que participaron la presidente de la Asociaci\u00f3n de Magistrados y Funcionarios, Mar\u00eda Jos\u00e9 Bustos y el Secretario General del gremio de la Uni\u00f3n Judicial, Raul Garlepp.&nbsp;<\/p>\n\n\n\n<figure class=\"wp-block-image size-large\"><img loading=\"lazy\" width=\"1024\" height=\"683\" src=\"https:\/\/radionewsmisiones.ar\/site\/wp-content\/uploads\/2025\/04\/WhatsApp-Image-2025-04-03-at-09.49.02-1024x683.jpg\" alt=\"\" class=\"wp-image-31759\" srcset=\"https:\/\/radionewsmisiones.ar\/site\/wp-content\/uploads\/2025\/04\/WhatsApp-Image-2025-04-03-at-09.49.02-1024x683.jpg 1024w, https:\/\/radionewsmisiones.ar\/site\/wp-content\/uploads\/2025\/04\/WhatsApp-Image-2025-04-03-at-09.49.02-300x200.jpg 300w, https:\/\/radionewsmisiones.ar\/site\/wp-content\/uploads\/2025\/04\/WhatsApp-Image-2025-04-03-at-09.49.02-768x512.jpg 768w, https:\/\/radionewsmisiones.ar\/site\/wp-content\/uploads\/2025\/04\/WhatsApp-Image-2025-04-03-at-09.49.02-1536x1024.jpg 1536w, https:\/\/radionewsmisiones.ar\/site\/wp-content\/uploads\/2025\/04\/WhatsApp-Image-2025-04-03-at-09.49.02-2048x1365.jpg 2048w\" sizes=\"(max-width: 1024px) 100vw, 1024px\" \/><\/figure>\n\n\n\n<p>El objetivo principal de esta mesa de trabajo es continuar con el di\u00e1logo permanente y la colaboraci\u00f3n entre todas las entidades con el fin de abordar temas cruciales para la administraci\u00f3n de justicia.<\/p>\n\n\n\n<p>La presidente del Superior Tribunal destac\u00f3 la importancia de fortalecer las relaciones entre las instituciones, enfatizando que <strong>\u00abla cooperaci\u00f3n es fundamental para garantizar un sistema de justicia eficiente y accesible para todos los ciudadanos\u00bb<\/strong>.&nbsp;Todos coincidieron sobre los desaf\u00edos que enfrenta la justicia en la actualidad, instando a continuar el acuerdo conjunto para sobrellevarlos sobre todo en materia econ\u00f3mica.<\/p>\n\n\n\n<p>La reuni\u00f3n concluy\u00f3 con un compromiso mutuo de seguir colaborando y manteniendo el di\u00e1logo abierto para abordar las inquietudes y propuestas planteadas. Las partes destacaron que un sistema de justicia s\u00f3lido es fundamental para el Estado de Derecho y el bienestar de la sociedad.<\/p>\n\n\n\n<p>Acompa\u00f1aron a las autoridades presentes V\u00edctor Hugo Marinoni, secretario general Administrativo y de Superintendencia de la Secretar\u00eda Administrativa; N\u00e9stor Oscar Moroz, Administrador General en la Direcci\u00f3n General de Administraci\u00f3n ambos del Poder Judicial; Silvia Noemy Zarza, en su car\u00e1cter de primer vocal de la Asociaci\u00f3n de Magistrados y Funcionarios de Misiones y Osvaldo S\u00e1nchez, Secretario Tesorero UJM y Secretario Administrativo y de Acta de la Federaci\u00f3n Judicial &nbsp;Argentina.<\/p>\n","protected":false},"excerpt":{"rendered":"<p>La presidente del Superior Tribunal de Justicia, Rosanna P&iacute;a Venchiarutti Sartori, se reuni&oacute; con autoridades de la instituci&oacute;n en una mesa de trabajo, este jueves 3 en en el Sal&oacute;n&hellip; <\/p>\n","protected":false},"author":3,"featured_media":31759,"comment_status":"closed","ping_status":"closed","sticky":false,"template":"","format":"standard","meta":{"_monsterinsights_skip_tracking":false,"_monsterinsights_sitenote_active":false,"_monsterinsights_sitenote_note":"","_monsterinsights_sitenote_category":0},"categories":[3],"tags":[29],"aioseo_notices":[],"_links":{"self":[{"href":"https:\/\/radionewsmisiones.ar\/site\/wp-json\/wp\/v2\/posts\/31758"}],"collection":[{"href":"https:\/\/radionewsmisiones.ar\/site\/wp-json\/wp\/v2\/posts"}],"about":[{"href":"https:\/\/radionewsmisiones.ar\/site\/wp-json\/wp\/v2\/types\/post"}],"author":[{"embeddable":true,"href":"https:\/\/radionewsmisiones.ar\/site\/wp-json\/wp\/v2\/users\/3"}],"replies":[{"embeddable":true,"href":"https:\/\/radionewsmisiones.ar\/site\/wp-json\/wp\/v2\/comments?post=31758"}],"version-history":[{"count":1,"href":"https:\/\/radionewsmisiones.ar\/site\/wp-json\/wp\/v2\/posts\/31758\/revisions"}],"predecessor-version":[{"id":31760,"href":"https:\/\/radionewsmisiones.ar\/site\/wp-json\/wp\/v2\/posts\/31758\/revisions\/31760"}],"wp:featuredmedia":[{"embeddable":true,"href":"https:\/\/radionewsmisiones.ar\/site\/wp-json\/wp\/v2\/media\/31759"}],"wp:attachment":[{"href":"https:\/\/radionewsmisiones.ar\/site\/wp-json\/wp\/v2\/media?parent=31758"}],"wp:term":[{"taxonomy":"category","embeddable":true,"href":"https:\/\/radionewsmisiones.ar\/site\/wp-json\/wp\/v2\/categories?post=31758"},{"taxonomy":"post_tag","embeddable":true,"href":"https:\/\/radionewsmisiones.ar\/site\/wp-json\/wp\/v2\/tags?post=31758"}],"curies":[{"name":"wp","href":"https:\/\/api.w.org\/{rel}","templated":true}]}}