{"id":31761,"date":"2025-04-04T08:30:47","date_gmt":"2025-04-04T11:30:47","guid":{"rendered":"https:\/\/radionewsmisiones.ar\/site\/?p=31761"},"modified":"2025-04-04T08:30:51","modified_gmt":"2025-04-04T11:30:51","slug":"la-fundacion-pequenos-gigantes-brindara-capacitaciones-en-paraguay-para-mejorar-el-cuidado-de-ninos-nacidos-prematuros","status":"publish","type":"post","link":"https:\/\/radionewsmisiones.ar\/site\/provinciales\/la-fundacion-pequenos-gigantes-brindara-capacitaciones-en-paraguay-para-mejorar-el-cuidado-de-ninos-nacidos-prematuros\/","title":{"rendered":"La Fundaci\u00f3n Peque\u00f1os Gigantes brindar\u00e1 capacitaciones en Paraguay para mejorar el cuidado de ni\u00f1os nacidos prematuros"},"content":{"rendered":"\n<p>En el marco del Encuentro de Prematuridad realizado en Asunci\u00f3n, la Fundaci\u00f3n Peque\u00f1os Gigantes fue convocada por diversas \u00e1reas de Salud P\u00fablica de la Rep\u00fablica del Paraguay para liderar capacitaciones destinadas a equipos de salud, familias y estudiantes de medicina.<\/p>\n\n\n\n<figure class=\"wp-block-image size-large\"><img loading=\"lazy\" width=\"768\" height=\"1024\" src=\"https:\/\/radionewsmisiones.ar\/site\/wp-content\/uploads\/2025\/04\/WhatsApp-Image-2025-04-03-at-18.39.35-768x1024.jpeg\" alt=\"\" class=\"wp-image-31762\" srcset=\"https:\/\/radionewsmisiones.ar\/site\/wp-content\/uploads\/2025\/04\/WhatsApp-Image-2025-04-03-at-18.39.35-768x1024.jpeg 768w, https:\/\/radionewsmisiones.ar\/site\/wp-content\/uploads\/2025\/04\/WhatsApp-Image-2025-04-03-at-18.39.35-225x300.jpeg 225w, https:\/\/radionewsmisiones.ar\/site\/wp-content\/uploads\/2025\/04\/WhatsApp-Image-2025-04-03-at-18.39.35.jpeg 867w\" sizes=\"(max-width: 768px) 100vw, 768px\" \/><\/figure>\n\n\n\n<p>La reuni\u00f3n cont\u00f3 con la presencia de la Dra. Ruiz Zorrilla, Directora General de los Programas de Salud; la Ministra Mar\u00eda Teresa Bar\u00e1n Wasiliuk; y la Dra. Zavala, representante de la Cruz Roja. Durante el encuentro, se diagram\u00f3 la agenda de trabajo articulado, con un enfoque prioritario en los equipos de neonatolog\u00eda y servicios de terapia intensiva infantil.<\/p>\n\n\n\n<p>Las capacitaciones impulsadas por Peque\u00f1os Gigantes abordar\u00e1n la comunicaci\u00f3n efectiva con las familias, un aspecto fundamental para el acompa\u00f1amiento de los beb\u00e9s prematuros y sus seres queridos. Adem\u00e1s, se destac\u00f3 el arduo trabajo que la fundaci\u00f3n viene realizando en Am\u00e9rica Latina, posicion\u00e1ndose como un referente regional y mundial en el seguimiento y cuidado de ni\u00f1os prematuros.<\/p>\n\n\n\n<p>\u201cLa capacitaci\u00f3n continua es clave para mejorar la atenci\u00f3n y el acompa\u00f1amiento de los beb\u00e9s prematuros y sus familias. Desde Peque\u00f1os Gigantes, asumimos el compromiso de compartir nuestra experiencia con los equipos de salud en Paraguay, fortaleciendo el v\u00ednculo entre profesionales y familias para garantizar un cuidado integral desde el hospital hasta el hogar\u00bb, Paula Schapovaloff, fundadora de Peque\u00f1os Gigantes.<\/p>\n\n\n\n<p>Peque\u00f1os Gigantes continua fortaleciendo redes de apoyo en toda la regi\u00f3n, promoviendo un abordaje integral desde el hospital hasta el hogar.<\/p>\n","protected":false},"excerpt":{"rendered":"<p>En el marco del Encuentro de Prematuridad realizado en Asunci&oacute;n, la Fundaci&oacute;n Peque&ntilde;os Gigantes fue convocada por diversas &aacute;reas de Salud P&uacute;blica de la Rep&uacute;blica del Paraguay para liderar capacitaciones&hellip; <\/p>\n","protected":false},"author":3,"featured_media":31763,"comment_status":"closed","ping_status":"closed","sticky":false,"template":"","format":"standard","meta":{"_monsterinsights_skip_tracking":false,"_monsterinsights_sitenote_active":false,"_monsterinsights_sitenote_note":"","_monsterinsights_sitenote_category":0},"categories":[3],"tags":[743],"aioseo_notices":[],"_links":{"self":[{"href":"https:\/\/radionewsmisiones.ar\/site\/wp-json\/wp\/v2\/posts\/31761"}],"collection":[{"href":"https:\/\/radionewsmisiones.ar\/site\/wp-json\/wp\/v2\/posts"}],"about":[{"href":"https:\/\/radionewsmisiones.ar\/site\/wp-json\/wp\/v2\/types\/post"}],"author":[{"embeddable":true,"href":"https:\/\/radionewsmisiones.ar\/site\/wp-json\/wp\/v2\/users\/3"}],"replies":[{"embeddable":true,"href":"https:\/\/radionewsmisiones.ar\/site\/wp-json\/wp\/v2\/comments?post=31761"}],"version-history":[{"count":1,"href":"https:\/\/radionewsmisiones.ar\/site\/wp-json\/wp\/v2\/posts\/31761\/revisions"}],"predecessor-version":[{"id":31764,"href":"https:\/\/radionewsmisiones.ar\/site\/wp-json\/wp\/v2\/posts\/31761\/revisions\/31764"}],"wp:featuredmedia":[{"embeddable":true,"href":"https:\/\/radionewsmisiones.ar\/site\/wp-json\/wp\/v2\/media\/31763"}],"wp:attachment":[{"href":"https:\/\/radionewsmisiones.ar\/site\/wp-json\/wp\/v2\/media?parent=31761"}],"wp:term":[{"taxonomy":"category","embeddable":true,"href":"https:\/\/radionewsmisiones.ar\/site\/wp-json\/wp\/v2\/categories?post=31761"},{"taxonomy":"post_tag","embeddable":true,"href":"https:\/\/radionewsmisiones.ar\/site\/wp-json\/wp\/v2\/tags?post=31761"}],"curies":[{"name":"wp","href":"https:\/\/api.w.org\/{rel}","templated":true}]}}