{"id":31875,"date":"2025-04-09T07:25:05","date_gmt":"2025-04-09T10:25:05","guid":{"rendered":"https:\/\/radionewsmisiones.ar\/site\/?p=31875"},"modified":"2025-04-09T07:25:09","modified_gmt":"2025-04-09T10:25:09","slug":"%ef%bf%bc%ef%bf%bc%ef%bf%bc%ef%bf%bc%ef%bf%bc%ef%bf%bc%ef%bf%bc-tecnologias-de-medicion-ambiental-fortalecen-la-estrategia-climatica-de-misiones","status":"publish","type":"post","link":"https:\/\/radionewsmisiones.ar\/site\/provinciales\/%ef%bf%bc%ef%bf%bc%ef%bf%bc%ef%bf%bc%ef%bf%bc%ef%bf%bc%ef%bf%bc-tecnologias-de-medicion-ambiental-fortalecen-la-estrategia-climatica-de-misiones\/","title":{"rendered":"\ufffc\ufffc\ufffc\ufffc\ufffc\ufffc\ufffc Tecnolog\u00edas de medici\u00f3n ambiental fortalecen la estrategia clim\u00e1tica de Misiones"},"content":{"rendered":"\n<figure class=\"wp-block-image size-large\"><img loading=\"lazy\" width=\"1024\" height=\"683\" src=\"https:\/\/radionewsmisiones.ar\/site\/wp-content\/uploads\/2025\/04\/DSC_0623-1024x683.jpg\" alt=\"\" class=\"wp-image-31876\" srcset=\"https:\/\/radionewsmisiones.ar\/site\/wp-content\/uploads\/2025\/04\/DSC_0623-1024x683.jpg 1024w, https:\/\/radionewsmisiones.ar\/site\/wp-content\/uploads\/2025\/04\/DSC_0623-300x200.jpg 300w, https:\/\/radionewsmisiones.ar\/site\/wp-content\/uploads\/2025\/04\/DSC_0623-768x512.jpg 768w, https:\/\/radionewsmisiones.ar\/site\/wp-content\/uploads\/2025\/04\/DSC_0623-1536x1024.jpg 1536w, https:\/\/radionewsmisiones.ar\/site\/wp-content\/uploads\/2025\/04\/DSC_0623.jpg 1620w\" sizes=\"(max-width: 1024px) 100vw, 1024px\" \/><\/figure>\n\n\n\n<p><strong>El uso de datos cient\u00edficos y el trabajo conjunto entre sectores p\u00fablicos y privados fueron eje de las intervenciones durante una jornada realizada en la Legislatura de Misiones, en la que se present\u00f3 equipamiento de \u00faltima generaci\u00f3n para el monitoreo ambiental. La actividad reafirm\u00f3 el liderazgo provincial en pol\u00edticas de cuidado del ambiente y protecci\u00f3n de la biodiversidad.\u00a0<\/strong> <strong>El evento cont\u00f3 con la participaci\u00f3n del vicepresidente primero de la Legislatura, Mart\u00edn Cesino, junto a diputadas y diputados provinciales, autoridades del Poder Ejecutivo, equipos t\u00e9cnicos, profesionales y personas interesadas en la tem\u00e1tica.<\/strong><br><br>La diputada Astrid Baetke, encargada de dar la bienvenida, subray\u00f3 el compromiso de la C\u00e1mara con el cuidado del ambiente. \u201cMisiones es una de las provincias m\u00e1s chicas del pa\u00eds, pero alberga m\u00e1s del 52% de su biodiversidad. Desde esta Casa del Pueblo celebramos toda iniciativa que proteja nuestro patrimonio natural\u201d, afirm\u00f3, y agradeci\u00f3 a las autoridades presentes, entre ellas los ministros Gervasio Malagrida y Mart\u00edn Recam\u00e1n, y a la titular del Imibio, Viviana Rovira.<br><br>Malagrida, al frente de la cartera de Cambio Clim\u00e1tico, remarc\u00f3 la importancia de contar con datos certeros para tomar decisiones. \u201cUn buen manejo de residuos permite reducir las emisiones de gases de efecto invernadero. Y eso es posible gracias a la informaci\u00f3n precisa. La experiencia de Misiones ya se est\u00e1 replicando en otras provincias\u201d, sostuvo.<br><br>El ministro de Ecolog\u00eda, Mart\u00edn Recam\u00e1n, comparti\u00f3 su experiencia como presidente del Cofema y relat\u00f3 c\u00f3mo otras jurisdicciones reconocen la gesti\u00f3n misionera. \u201cMisiones es l\u00edder en pol\u00edticas ambientales, y lo reconocen en cada mesa nacional. Pero adem\u00e1s de leyes e infraestructura, hace falta un consenso social para cuidar el ambiente\u201d, dijo.<br><br>En esa misma l\u00ednea se expres\u00f3 Viviana Rovira, presidenta del Imibio, quien valor\u00f3 la articulaci\u00f3n con el sector privado para avanzar en mediciones y monitoreos. \u201cNo vivimos hasta los 104 a\u00f1os, pero abrimos la ventana y estamos en la selva. Eso no es casual: es el resultado de pol\u00edticas p\u00fablicas que priorizan la biodiversidad. Vivimos en la abundancia. Hay que cuidarla\u201d, afirm\u00f3.<br><br>El cierre del acto de apertura estuvo a cargo del diputado Rafael Pereyra Pigerl, presidente de la comisi\u00f3n de Recursos Naturales, Conservaci\u00f3n del Medio Ambiente y Cuidado Animal. \u201cEste laboratorio, que ya certifica exportaciones misioneras, incorpor\u00f3 aparatolog\u00eda capaz de medir emisiones con est\u00e1ndares internacionales. Es la \u00fanica en su tipo en el NEA y probablemente en el NOA. La articulaci\u00f3n p\u00fablico-privada permite poner estas herramientas al servicio del ambiente y la salud de nuestra poblaci\u00f3n\u201d, se\u00f1al\u00f3.<br><br>La jornada, titulada \u201cMediciones medioambientales disponibles en Misiones, imprescindibles para la gesti\u00f3n ambiental y la protecci\u00f3n de la biodiversidad\u201d, fue abierta al p\u00fablico y cont\u00f3 con exposiciones a cargo de profesionales del Laboratorio Barrios y del Instituto Misionero de Biodiversidad. Se abordaron tem\u00e1ticas como an\u00e1lisis de efluentes l\u00edquidos y gaseosos, calidad del aire, contaminaci\u00f3n sonora, suelos y residuos, as\u00ed como metodolog\u00edas para el monitoreo de biodiversidad.<\/p>\n","protected":false},"excerpt":{"rendered":"<p>El uso de datos cient&iacute;ficos y el trabajo conjunto entre sectores p&uacute;blicos y privados fueron eje de las intervenciones durante una jornada realizada en la Legislatura de Misiones, en la&hellip; <\/p>\n","protected":false},"author":3,"featured_media":31876,"comment_status":"closed","ping_status":"closed","sticky":false,"template":"","format":"standard","meta":{"_monsterinsights_skip_tracking":false,"_monsterinsights_sitenote_active":false,"_monsterinsights_sitenote_note":"","_monsterinsights_sitenote_category":0},"categories":[3],"tags":[7],"aioseo_notices":[],"_links":{"self":[{"href":"https:\/\/radionewsmisiones.ar\/site\/wp-json\/wp\/v2\/posts\/31875"}],"collection":[{"href":"https:\/\/radionewsmisiones.ar\/site\/wp-json\/wp\/v2\/posts"}],"about":[{"href":"https:\/\/radionewsmisiones.ar\/site\/wp-json\/wp\/v2\/types\/post"}],"author":[{"embeddable":true,"href":"https:\/\/radionewsmisiones.ar\/site\/wp-json\/wp\/v2\/users\/3"}],"replies":[{"embeddable":true,"href":"https:\/\/radionewsmisiones.ar\/site\/wp-json\/wp\/v2\/comments?post=31875"}],"version-history":[{"count":1,"href":"https:\/\/radionewsmisiones.ar\/site\/wp-json\/wp\/v2\/posts\/31875\/revisions"}],"predecessor-version":[{"id":31877,"href":"https:\/\/radionewsmisiones.ar\/site\/wp-json\/wp\/v2\/posts\/31875\/revisions\/31877"}],"wp:featuredmedia":[{"embeddable":true,"href":"https:\/\/radionewsmisiones.ar\/site\/wp-json\/wp\/v2\/media\/31876"}],"wp:attachment":[{"href":"https:\/\/radionewsmisiones.ar\/site\/wp-json\/wp\/v2\/media?parent=31875"}],"wp:term":[{"taxonomy":"category","embeddable":true,"href":"https:\/\/radionewsmisiones.ar\/site\/wp-json\/wp\/v2\/categories?post=31875"},{"taxonomy":"post_tag","embeddable":true,"href":"https:\/\/radionewsmisiones.ar\/site\/wp-json\/wp\/v2\/tags?post=31875"}],"curies":[{"name":"wp","href":"https:\/\/api.w.org\/{rel}","templated":true}]}}