{"id":31952,"date":"2025-04-11T07:44:20","date_gmt":"2025-04-11T10:44:20","guid":{"rendered":"https:\/\/radionewsmisiones.ar\/site\/?p=31952"},"modified":"2025-04-11T07:44:23","modified_gmt":"2025-04-11T10:44:23","slug":"una-jornada-educativa-para-fortalecer-la-conservacion-y-el-turismo-sustentable","status":"publish","type":"post","link":"https:\/\/radionewsmisiones.ar\/site\/provinciales\/una-jornada-educativa-para-fortalecer-la-conservacion-y-el-turismo-sustentable\/","title":{"rendered":"Una jornada educativa para fortalecer la conservaci\u00f3n y el turismo sustentable"},"content":{"rendered":"\n<p>En el marco del D\u00eda Internacional de la Tierra, el s\u00e1bado 26 de abril se llevar\u00e1 a cabo en la Granja La Lechuza, ubicada en General Alvear, un taller te\u00f3rico-pr\u00e1ctico sobre herramientas para una Educaci\u00f3n Ambiental Activa. Esta iniciativa, organizada por la Facultad de Ciencias Exactas de la UNaM, la Granja La Lechuza y el Municipio de General Alvear, cuenta con el apoyo del Ministerio de Turismo de Misiones a trav\u00e9s de la Subsecretar\u00eda de Ecoturismo.<\/p>\n\n\n\n<figure class=\"wp-block-image size-large\"><img loading=\"lazy\" width=\"1024\" height=\"768\" src=\"https:\/\/radionewsmisiones.ar\/site\/wp-content\/uploads\/2025\/04\/WhatsApp-Image-2025-04-10-at-12.51.22-1024x768.jpeg\" alt=\"\" class=\"wp-image-31953\" srcset=\"https:\/\/radionewsmisiones.ar\/site\/wp-content\/uploads\/2025\/04\/WhatsApp-Image-2025-04-10-at-12.51.22-1024x768.jpeg 1024w, https:\/\/radionewsmisiones.ar\/site\/wp-content\/uploads\/2025\/04\/WhatsApp-Image-2025-04-10-at-12.51.22-300x225.jpeg 300w, https:\/\/radionewsmisiones.ar\/site\/wp-content\/uploads\/2025\/04\/WhatsApp-Image-2025-04-10-at-12.51.22-768x576.jpeg 768w, https:\/\/radionewsmisiones.ar\/site\/wp-content\/uploads\/2025\/04\/WhatsApp-Image-2025-04-10-at-12.51.22.jpeg 1440w\" sizes=\"(max-width: 1024px) 100vw, 1024px\" \/><\/figure>\n\n\n\n<p>El taller, de acceso gratuito y con cupos limitados, se desarrollar\u00e1 de 8 a 12 h y propone una experiencia de inmersi\u00f3n en la biodiversidad misionera, abordando su valor desde la educaci\u00f3n ambiental y el ecoturismo como herramientas clave para la conservaci\u00f3n y el desarrollo sostenible. Para participar, los interesados deben inscribirse previamente llamando al tel\u00e9fono 3755-590290.<\/p>\n\n\n\n<p>La jornada se estructurar\u00e1 en dos momentos: una parte te\u00f3rica donde se analizar\u00e1 el ecoturismo como estrategia de conservaci\u00f3n, la interpretaci\u00f3n del ambiente y la biodiversidad misionera; y una parte pr\u00e1ctica, que incluir\u00e1 actividades en campo y el uso de plataformas de ciencia participativa como ArgentINat y eBird. Adem\u00e1s, se destacar\u00e1 la importancia de integrar estas herramientas en el turismo y la educaci\u00f3n para promover la participaci\u00f3n ciudadana en la protecci\u00f3n del entorno natural.<\/p>\n\n\n\n<p>El evento estar\u00e1 a cargo de destacadas especialistas en la tem\u00e1tica: Cecilia Fern\u00e1ndez D\u00edaz, docente investigadora en Ecolog\u00eda; Javiera Rulli, MSc. en Biolog\u00eda y propietaria de La Lechuza Ecolodge; y Vanessa Rocha, referente del proyecto \u00abSomos Parte &#8211; Ambiente y Turismo\u00bb en General Alvear.<\/p>\n\n\n\n<p>Misiones se consolida como un destino de referencia en ecoturismo, impulsando acciones que fortalecen la experiencia de los visitantes a la vez que contribuyen a la conservaci\u00f3n de su riqueza natural. Este taller es una oportunidad \u00fanica para que docentes, gu\u00edas de turismo, guardaparques, comunicadores y la comunidad en general ampl\u00eden sus conocimientos y herramientas para promover un turismo sustentable y responsable.<\/p>\n\n\n\n<p>Para disfrutar de la experiencia al m\u00e1ximo, se recomienda a los asistentes llevar ropa c\u00f3moda para las actividades en la reserva. Quienes deseen almorzar en el restaurante del lugar podr\u00e1n hacer su reserva con un d\u00eda de anticipaci\u00f3n.<\/p>\n","protected":false},"excerpt":{"rendered":"<p>En el marco del D&iacute;a Internacional de la Tierra, el s&aacute;bado 26 de abril se llevar&aacute; a cabo en la Granja La Lechuza, ubicada en General Alvear, un taller te&oacute;rico-pr&aacute;ctico&hellip; <\/p>\n","protected":false},"author":3,"featured_media":31954,"comment_status":"closed","ping_status":"closed","sticky":false,"template":"","format":"standard","meta":{"_monsterinsights_skip_tracking":false,"_monsterinsights_sitenote_active":false,"_monsterinsights_sitenote_note":"","_monsterinsights_sitenote_category":0},"categories":[3],"tags":[18],"aioseo_notices":[],"_links":{"self":[{"href":"https:\/\/radionewsmisiones.ar\/site\/wp-json\/wp\/v2\/posts\/31952"}],"collection":[{"href":"https:\/\/radionewsmisiones.ar\/site\/wp-json\/wp\/v2\/posts"}],"about":[{"href":"https:\/\/radionewsmisiones.ar\/site\/wp-json\/wp\/v2\/types\/post"}],"author":[{"embeddable":true,"href":"https:\/\/radionewsmisiones.ar\/site\/wp-json\/wp\/v2\/users\/3"}],"replies":[{"embeddable":true,"href":"https:\/\/radionewsmisiones.ar\/site\/wp-json\/wp\/v2\/comments?post=31952"}],"version-history":[{"count":1,"href":"https:\/\/radionewsmisiones.ar\/site\/wp-json\/wp\/v2\/posts\/31952\/revisions"}],"predecessor-version":[{"id":31955,"href":"https:\/\/radionewsmisiones.ar\/site\/wp-json\/wp\/v2\/posts\/31952\/revisions\/31955"}],"wp:featuredmedia":[{"embeddable":true,"href":"https:\/\/radionewsmisiones.ar\/site\/wp-json\/wp\/v2\/media\/31954"}],"wp:attachment":[{"href":"https:\/\/radionewsmisiones.ar\/site\/wp-json\/wp\/v2\/media?parent=31952"}],"wp:term":[{"taxonomy":"category","embeddable":true,"href":"https:\/\/radionewsmisiones.ar\/site\/wp-json\/wp\/v2\/categories?post=31952"},{"taxonomy":"post_tag","embeddable":true,"href":"https:\/\/radionewsmisiones.ar\/site\/wp-json\/wp\/v2\/tags?post=31952"}],"curies":[{"name":"wp","href":"https:\/\/api.w.org\/{rel}","templated":true}]}}