{"id":31956,"date":"2025-04-11T07:46:08","date_gmt":"2025-04-11T10:46:08","guid":{"rendered":"https:\/\/radionewsmisiones.ar\/site\/?p=31956"},"modified":"2025-04-11T07:46:11","modified_gmt":"2025-04-11T10:46:11","slug":"salud-inclusion-y-accesibilidad-en-la-sexta-sesion-ordinaria","status":"publish","type":"post","link":"https:\/\/radionewsmisiones.ar\/site\/provinciales\/salud-inclusion-y-accesibilidad-en-la-sexta-sesion-ordinaria\/","title":{"rendered":"Salud, inclusi\u00f3n y accesibilidad en la sexta sesi\u00f3n ordinaria"},"content":{"rendered":"\n<p>Ediles aprobaron iniciativas referentes a otorgar garantizar el acceso a la informaci\u00f3n p\u00fablica y proteger la salud de los vecinos y del medio ambiente.<\/p>\n\n\n\n<figure class=\"wp-block-image size-large\"><img loading=\"lazy\" width=\"1024\" height=\"683\" src=\"https:\/\/radionewsmisiones.ar\/site\/wp-content\/uploads\/2025\/04\/WhatsApp-Image-2025-04-10-at-14.07.39-1024x683.jpeg\" alt=\"\" class=\"wp-image-31957\" srcset=\"https:\/\/radionewsmisiones.ar\/site\/wp-content\/uploads\/2025\/04\/WhatsApp-Image-2025-04-10-at-14.07.39-1024x683.jpeg 1024w, https:\/\/radionewsmisiones.ar\/site\/wp-content\/uploads\/2025\/04\/WhatsApp-Image-2025-04-10-at-14.07.39-300x200.jpeg 300w, https:\/\/radionewsmisiones.ar\/site\/wp-content\/uploads\/2025\/04\/WhatsApp-Image-2025-04-10-at-14.07.39-768x512.jpeg 768w, https:\/\/radionewsmisiones.ar\/site\/wp-content\/uploads\/2025\/04\/WhatsApp-Image-2025-04-10-at-14.07.39-1536x1024.jpeg 1536w, https:\/\/radionewsmisiones.ar\/site\/wp-content\/uploads\/2025\/04\/WhatsApp-Image-2025-04-10-at-14.07.39.jpeg 1600w\" sizes=\"(max-width: 1024px) 100vw, 1024px\" \/><\/figure>\n\n\n\n<p>Con el objetivo de agilizar y transparentar la informaci\u00f3n municipal, concejales aprobaron una iniciativa para implementar un Sistema de Accesibilidad e Inclusi\u00f3n Web en las P\u00e1ginas y Aplicaciones M\u00f3viles oficiales del DEM, del HCD y de la Defensor\u00eda del Pueblo. La misma garantizar\u00e1 el acceso a la informaci\u00f3n p\u00fablica de acuerdo a los principios de igualdad y accesibilidad universal. \u00abEsto permitir\u00e1 que personas con discapacidad visual o auditiva puedan acceder a est\u00e1s plataformas. Esto es un compromiso con los derechos humanos en una ciudad abierta e igualitaria para todos\u00bb, explic\u00f3 la autora del proyecto, edil Samira Almir\u00f3n.<\/p>\n\n\n\n<p>Asimismo, se aprob\u00f3 la adhesi\u00f3n del municipio al art\u00edculo 1 de la Ley Provincial XVII \u2013 N\u00ba 208, la cual instituye el D\u00eda Provincial de Concientizaci\u00f3n sobre el S\u00edndrome de Rett, que se conmemora el d\u00eda 16 de octubre de cada a\u00f1o.<\/p>\n\n\n\n<p>Por otra parte, aprobaron una iniciativa para crear el Programa Municipal de Concientizaci\u00f3n sobre las Enfermedades Poco Frecuentes (EPF), con el objetivo de brindar una mayor visibilidad y concientizaci\u00f3n acerca de las mismas. \u00abTenemos que continuar trabajando en est\u00e1s cuestiones que hacen a la salud de muchas familias posade\u00f1as\u00bb, destac\u00f3 la autora del proyecto, concejal Malena Mazal.<\/p>\n\n\n\n<p>Asimismo, ediles aprobaron la modificaci\u00f3n de los Art\u00edculos 1, 2 y 3 de la Ordenanza XI &#8211; N\u00ba 156, referente al traslado, destrucci\u00f3n y disposici\u00f3n final de los bienes patrimoniales que han sido dados de baja, pertenecientes al DEM, HCD y Defensor\u00eda del Pueblo. Gracias a ello, podr\u00e1n trasladarse a un sitio adecuado y destruirse bienes que han sido dados de baja del inventario municipal y que, acumulados, contribuyen a contaminar el medio ambiente. Adem\u00e1s, permite modernizar la gesti\u00f3n y optimizar la calidad laboral.<\/p>\n\n\n\n<p>Cerrando la sesi\u00f3n, giraron a comisi\u00f3n el tradicional balance de sumas y saldos del Ejecutivo Municipal y un proyecto para implementar la obligatoriedad de exhibir un C\u00f3digo QR, que remita a un sistema digital para quejas o reclamos, en todos los comercios de nuestra ciudad.<\/p>\n\n\n\n<p>Al momento de los homenajes, declararon Personalidad Destacada a la Dra. Sandra Borchichi, por su aporte a la medicina infantil. Seguidamente, reconocieron a Juliana Nicole Rodas, por su destacada participaci\u00f3n y representaci\u00f3n de la provincia de Misiones en el certamen Miss Latina Argentina 2025.<\/p>\n\n\n\n<p>Cerrando la sesi\u00f3n, otorgaron un benepl\u00e1cito por el Aniversario N\u00b063 de la Pe\u00f1a Itap\u00faa \u201cPatria y Tradici\u00f3n\u201d en reconocimiento a su destacada labor cultural y social en la ciudad de Posadas y en toda la provincia.<\/p>\n","protected":false},"excerpt":{"rendered":"<p>Ediles aprobaron iniciativas referentes a otorgar garantizar el acceso a la informaci&oacute;n p&uacute;blica y proteger la salud de los vecinos y del medio ambiente. Con el objetivo de agilizar y&hellip; <\/p>\n","protected":false},"author":3,"featured_media":31958,"comment_status":"closed","ping_status":"closed","sticky":false,"template":"","format":"standard","meta":{"_monsterinsights_skip_tracking":false,"_monsterinsights_sitenote_active":false,"_monsterinsights_sitenote_note":"","_monsterinsights_sitenote_category":0},"categories":[3],"tags":[65],"aioseo_notices":[],"_links":{"self":[{"href":"https:\/\/radionewsmisiones.ar\/site\/wp-json\/wp\/v2\/posts\/31956"}],"collection":[{"href":"https:\/\/radionewsmisiones.ar\/site\/wp-json\/wp\/v2\/posts"}],"about":[{"href":"https:\/\/radionewsmisiones.ar\/site\/wp-json\/wp\/v2\/types\/post"}],"author":[{"embeddable":true,"href":"https:\/\/radionewsmisiones.ar\/site\/wp-json\/wp\/v2\/users\/3"}],"replies":[{"embeddable":true,"href":"https:\/\/radionewsmisiones.ar\/site\/wp-json\/wp\/v2\/comments?post=31956"}],"version-history":[{"count":1,"href":"https:\/\/radionewsmisiones.ar\/site\/wp-json\/wp\/v2\/posts\/31956\/revisions"}],"predecessor-version":[{"id":31959,"href":"https:\/\/radionewsmisiones.ar\/site\/wp-json\/wp\/v2\/posts\/31956\/revisions\/31959"}],"wp:featuredmedia":[{"embeddable":true,"href":"https:\/\/radionewsmisiones.ar\/site\/wp-json\/wp\/v2\/media\/31958"}],"wp:attachment":[{"href":"https:\/\/radionewsmisiones.ar\/site\/wp-json\/wp\/v2\/media?parent=31956"}],"wp:term":[{"taxonomy":"category","embeddable":true,"href":"https:\/\/radionewsmisiones.ar\/site\/wp-json\/wp\/v2\/categories?post=31956"},{"taxonomy":"post_tag","embeddable":true,"href":"https:\/\/radionewsmisiones.ar\/site\/wp-json\/wp\/v2\/tags?post=31956"}],"curies":[{"name":"wp","href":"https:\/\/api.w.org\/{rel}","templated":true}]}}