{"id":31960,"date":"2025-04-11T08:02:41","date_gmt":"2025-04-11T11:02:41","guid":{"rendered":"https:\/\/radionewsmisiones.ar\/site\/?p=31960"},"modified":"2025-04-11T08:02:45","modified_gmt":"2025-04-11T11:02:45","slug":"en-la-paritaria-de-hoy-ate-reclamara-un-aumento-mensual-por-encima-de-la-inflacion-y-un-bono-de-150-000","status":"publish","type":"post","link":"https:\/\/radionewsmisiones.ar\/site\/nacionales\/en-la-paritaria-de-hoy-ate-reclamara-un-aumento-mensual-por-encima-de-la-inflacion-y-un-bono-de-150-000\/","title":{"rendered":"En la paritaria de hoy, ATE reclamar\u00e1 un aumento mensual por encima de la inflaci\u00f3n y un bono de $150.000"},"content":{"rendered":"\n<p>\u201cEsperemos que el Gobierno haya tomado nota del paro y que la de hoy no vuelva a ser una paritaria fantasma. Se tiene que abrir un proceso de recuperaci\u00f3n salarial en el sector p\u00fablico\u201d, indic\u00f3 Rodolfo Aguiar. La negociaci\u00f3n se dar\u00e1 a partir de las 11 en la Secretar\u00eda de Trabajo.<\/p>\n\n\n\n<figure class=\"wp-block-image size-large\"><img loading=\"lazy\" width=\"1024\" height=\"682\" src=\"https:\/\/radionewsmisiones.ar\/site\/wp-content\/uploads\/2025\/04\/WhatsApp-Image-2025-04-11-at-07.00.53-1024x682.jpeg\" alt=\"\" class=\"wp-image-31961\" srcset=\"https:\/\/radionewsmisiones.ar\/site\/wp-content\/uploads\/2025\/04\/WhatsApp-Image-2025-04-11-at-07.00.53-1024x682.jpeg 1024w, https:\/\/radionewsmisiones.ar\/site\/wp-content\/uploads\/2025\/04\/WhatsApp-Image-2025-04-11-at-07.00.53-300x200.jpeg 300w, https:\/\/radionewsmisiones.ar\/site\/wp-content\/uploads\/2025\/04\/WhatsApp-Image-2025-04-11-at-07.00.53-768x512.jpeg 768w, https:\/\/radionewsmisiones.ar\/site\/wp-content\/uploads\/2025\/04\/WhatsApp-Image-2025-04-11-at-07.00.53.jpeg 1280w\" sizes=\"(max-width: 1024px) 100vw, 1024px\" \/><\/figure>\n\n\n\n<p>Luego del Paro Nacional de 36 horas de estatales, la Asociaci\u00f3n Trabajadores del Estado (ATE) concurrir\u00e1 hoy a la paritaria de la Administraci\u00f3n P\u00fablica Nacional exigiendo un aumento mensual por encima de la inflaci\u00f3n y un bono de $150.000 para recomponer los haberes m\u00e1s bajos.<\/p>\n\n\n\n<p>\u201cEsperemos que el Gobierno haya tomado nota del paro y que la de hoy no vuelva a ser una paritaria fantasma. Se tiene que abrir un proceso de recuperaci\u00f3n salarial en el sector p\u00fablico\u201d, indic\u00f3 Rodolfo Aguiar, Secretario General de ATE Nacional.<\/p>\n\n\n\n<p>El Ejecutivo decidi\u00f3 que este nuevo encuentro se realice en la Secretar\u00eda de Trabajo (Av. Callao 114, CABA) a partir de las 11, apenas un par de horas antes de que se publique la inflaci\u00f3n de marzo del Indec. \u201cDeben pensar que somos ingenuos. \u00bfEn serio nos convocan cuatro horas antes de conocer la inflaci\u00f3n de marzo? Eso indica que si los ayuda el otro sindicato de vuelta nos van a arruinar\u201d, apunt\u00f3 el dirigente estatal.<\/p>\n\n\n\n<p>\u201cTodos los incrementos otorgados por este Gobierno se ubicaron sistem\u00e1ticamente por debajo de la inflaci\u00f3n. Adem\u00e1s de un aumento que supere la evoluci\u00f3n de los precios, se necesita un bono fijo mensual que permita inyectar recursos en los bolsillos de los trabajadores que perciben los haberes m\u00e1s bajos de la administraci\u00f3n\u201d, agreg\u00f3 Rodolfo Aguiar.<\/p>\n\n\n\n<p>\u201cEstamos cansados de que le bajen impuestos a los ricos ajustando a los estatales y a los jubilados. Se tiene que terminar. El Estado no admite un solo recorte m\u00e1s\u201d, concluy\u00f3 el Secretario General de ATE Nacional.<\/p>\n\n\n\n<p>Las negociaciones salariales en la primera parte del a\u00f1o tienen saldo negativo para los estatales: en enero y febrero los aumentos (1,5% y 1,2%) quedaron por debajo de la inflaci\u00f3n (2,2% y 2,4%). Adem\u00e1s, el Gobierno nacional decidi\u00f3 no convocar a paritarias en todo el mes de marzo.<\/p>\n\n\n\n<p>La paritaria de la Administraci\u00f3n P\u00fablica Nacional (CCT 214\/06) abarca el periodo desde junio 2024 a mayo 2025. En ese lapso, los aumentos salariales fueron de 16,2% mientras que la inflaci\u00f3n fue de 32,6%. Es decir, menos de la mitad que la inflaci\u00f3n.<\/p>\n\n\n\n<p>ATE estima que el porcentaje sea similar al publicado esta semana por el Instituto de Estad\u00edstica y Censos de la Ciudad de Buenos Aires (Idecba), que dio 3,2% para el tercer mes del a\u00f1o<\/p>\n\n\n\n<p><\/p>\n\n\n\n<p><\/p>\n\n\n\n<p><\/p>\n\n\n\n<p><\/p>\n\n\n\n<p><\/p>\n\n\n\n<p><\/p>\n\n\n\n<p><\/p>\n\n\n\n<p><\/p>\n\n\n\n<p><\/p>\n\n\n\n<p><\/p>\n\n\n\n<p><\/p>\n\n\n\n<p><\/p>\n\n\n\n<p><\/p>\n","protected":false},"excerpt":{"rendered":"<p>&ldquo;Esperemos que el Gobierno haya tomado nota del paro y que la de hoy no vuelva a ser una paritaria fantasma. Se tiene que abrir un proceso de recuperaci&oacute;n salarial&hellip; <\/p>\n","protected":false},"author":3,"featured_media":31961,"comment_status":"closed","ping_status":"closed","sticky":false,"template":"","format":"standard","meta":{"_monsterinsights_skip_tracking":false,"_monsterinsights_sitenote_active":false,"_monsterinsights_sitenote_note":"","_monsterinsights_sitenote_category":0},"categories":[4],"tags":[504],"aioseo_notices":[],"_links":{"self":[{"href":"https:\/\/radionewsmisiones.ar\/site\/wp-json\/wp\/v2\/posts\/31960"}],"collection":[{"href":"https:\/\/radionewsmisiones.ar\/site\/wp-json\/wp\/v2\/posts"}],"about":[{"href":"https:\/\/radionewsmisiones.ar\/site\/wp-json\/wp\/v2\/types\/post"}],"author":[{"embeddable":true,"href":"https:\/\/radionewsmisiones.ar\/site\/wp-json\/wp\/v2\/users\/3"}],"replies":[{"embeddable":true,"href":"https:\/\/radionewsmisiones.ar\/site\/wp-json\/wp\/v2\/comments?post=31960"}],"version-history":[{"count":1,"href":"https:\/\/radionewsmisiones.ar\/site\/wp-json\/wp\/v2\/posts\/31960\/revisions"}],"predecessor-version":[{"id":31962,"href":"https:\/\/radionewsmisiones.ar\/site\/wp-json\/wp\/v2\/posts\/31960\/revisions\/31962"}],"wp:featuredmedia":[{"embeddable":true,"href":"https:\/\/radionewsmisiones.ar\/site\/wp-json\/wp\/v2\/media\/31961"}],"wp:attachment":[{"href":"https:\/\/radionewsmisiones.ar\/site\/wp-json\/wp\/v2\/media?parent=31960"}],"wp:term":[{"taxonomy":"category","embeddable":true,"href":"https:\/\/radionewsmisiones.ar\/site\/wp-json\/wp\/v2\/categories?post=31960"},{"taxonomy":"post_tag","embeddable":true,"href":"https:\/\/radionewsmisiones.ar\/site\/wp-json\/wp\/v2\/tags?post=31960"}],"curies":[{"name":"wp","href":"https:\/\/api.w.org\/{rel}","templated":true}]}}