{"id":31963,"date":"2025-04-11T10:45:48","date_gmt":"2025-04-11T13:45:48","guid":{"rendered":"https:\/\/radionewsmisiones.ar\/site\/?p=31963"},"modified":"2025-04-11T10:45:52","modified_gmt":"2025-04-11T13:45:52","slug":"este-sabado-el-acceso-al-mercado-central-a-partir-de-las-5-de-la-manana-sera-sin-costo","status":"publish","type":"post","link":"https:\/\/radionewsmisiones.ar\/site\/provinciales\/este-sabado-el-acceso-al-mercado-central-a-partir-de-las-5-de-la-manana-sera-sin-costo\/","title":{"rendered":"Este s\u00e1bado el acceso al Mercado Central a partir de las 5 de la ma\u00f1ana ser\u00e1 sin costo"},"content":{"rendered":"\n<p>Desde el Mercado Central de Misiones anunciaron que este s\u00e1bado el acceso ser\u00e1 libre, sin costo de ingreso, a partir de las 5 de la ma\u00f1ana. Este sistema se activar\u00e1 cada 15 o 20 d\u00edas. La iniciativa busca reconocer y acompa\u00f1ar al sector privado, a los productores locales y a las familias misioneras.<\/p>\n\n\n\n<figure class=\"wp-block-image size-large\"><img loading=\"lazy\" width=\"1024\" height=\"591\" src=\"https:\/\/radionewsmisiones.ar\/site\/wp-content\/uploads\/2025\/04\/WhatsApp-Image-2025-04-10-at-12.14.17-1024x591.jpeg\" alt=\"\" class=\"wp-image-31964\" srcset=\"https:\/\/radionewsmisiones.ar\/site\/wp-content\/uploads\/2025\/04\/WhatsApp-Image-2025-04-10-at-12.14.17-1024x591.jpeg 1024w, https:\/\/radionewsmisiones.ar\/site\/wp-content\/uploads\/2025\/04\/WhatsApp-Image-2025-04-10-at-12.14.17-300x173.jpeg 300w, https:\/\/radionewsmisiones.ar\/site\/wp-content\/uploads\/2025\/04\/WhatsApp-Image-2025-04-10-at-12.14.17-768x443.jpeg 768w, https:\/\/radionewsmisiones.ar\/site\/wp-content\/uploads\/2025\/04\/WhatsApp-Image-2025-04-10-at-12.14.17-1536x886.jpeg 1536w, https:\/\/radionewsmisiones.ar\/site\/wp-content\/uploads\/2025\/04\/WhatsApp-Image-2025-04-10-at-12.14.17.jpeg 2000w\" sizes=\"(max-width: 1024px) 100vw, 1024px\" \/><\/figure>\n\n\n\n<p>\u00abLo analizamos con todos los sectores y coincidimos en que es un granito de arena para reconocer al sector privado, a nuestros productores y a la familia misionera en general. Con este tipo de iniciativas no solo cuidamos a nuestros clientes y operadores, sino que tambi\u00e9n motorizamos el circuito comercial de nuestro Mercado Central\u00bb, explic\u00f3 Fernando Toledo, Presidente del Mercado Central de Misiones.<\/p>\n","protected":false},"excerpt":{"rendered":"<p>Desde el Mercado Central de Misiones anunciaron que este s&aacute;bado el acceso ser&aacute; libre, sin costo de ingreso, a partir de las 5 de la ma&ntilde;ana. Este sistema se activar&aacute;&hellip; <\/p>\n","protected":false},"author":3,"featured_media":31964,"comment_status":"closed","ping_status":"closed","sticky":false,"template":"","format":"standard","meta":{"_monsterinsights_skip_tracking":false,"_monsterinsights_sitenote_active":false,"_monsterinsights_sitenote_note":"","_monsterinsights_sitenote_category":0},"categories":[3],"tags":[676],"aioseo_notices":[],"_links":{"self":[{"href":"https:\/\/radionewsmisiones.ar\/site\/wp-json\/wp\/v2\/posts\/31963"}],"collection":[{"href":"https:\/\/radionewsmisiones.ar\/site\/wp-json\/wp\/v2\/posts"}],"about":[{"href":"https:\/\/radionewsmisiones.ar\/site\/wp-json\/wp\/v2\/types\/post"}],"author":[{"embeddable":true,"href":"https:\/\/radionewsmisiones.ar\/site\/wp-json\/wp\/v2\/users\/3"}],"replies":[{"embeddable":true,"href":"https:\/\/radionewsmisiones.ar\/site\/wp-json\/wp\/v2\/comments?post=31963"}],"version-history":[{"count":1,"href":"https:\/\/radionewsmisiones.ar\/site\/wp-json\/wp\/v2\/posts\/31963\/revisions"}],"predecessor-version":[{"id":31965,"href":"https:\/\/radionewsmisiones.ar\/site\/wp-json\/wp\/v2\/posts\/31963\/revisions\/31965"}],"wp:featuredmedia":[{"embeddable":true,"href":"https:\/\/radionewsmisiones.ar\/site\/wp-json\/wp\/v2\/media\/31964"}],"wp:attachment":[{"href":"https:\/\/radionewsmisiones.ar\/site\/wp-json\/wp\/v2\/media?parent=31963"}],"wp:term":[{"taxonomy":"category","embeddable":true,"href":"https:\/\/radionewsmisiones.ar\/site\/wp-json\/wp\/v2\/categories?post=31963"},{"taxonomy":"post_tag","embeddable":true,"href":"https:\/\/radionewsmisiones.ar\/site\/wp-json\/wp\/v2\/tags?post=31963"}],"curies":[{"name":"wp","href":"https:\/\/api.w.org\/{rel}","templated":true}]}}