{"id":32125,"date":"2025-04-16T11:17:59","date_gmt":"2025-04-16T14:17:59","guid":{"rendered":"https:\/\/radionewsmisiones.ar\/site\/?p=32125"},"modified":"2025-04-16T11:18:06","modified_gmt":"2025-04-16T14:18:06","slug":"passalacqua-homenajeo-a-alcibiades-alarcon-en-el-dia-del-musico-misionero","status":"publish","type":"post","link":"https:\/\/radionewsmisiones.ar\/site\/provinciales\/passalacqua-homenajeo-a-alcibiades-alarcon-en-el-dia-del-musico-misionero\/","title":{"rendered":"Passalacqua homenaje\u00f3 a Alcib\u00edades Alarc\u00f3n en el d\u00eda del m\u00fasico misionero"},"content":{"rendered":"\n<p>En el marco del D\u00eda del M\u00fasico Misionero, Hugo Passalacqua recibi\u00f3 al ministro de Cultura Jos\u00e9 Mart\u00edn Schuap y a V\u00edctor \u201cKiko\u201d Alarc\u00f3n, hijo del legendario compositor Alcib\u00edades Alarc\u00f3n. Durante el encuentro compartieron una grabaci\u00f3n in\u00e9dita de \u201cMisionero y Guaran\u00ed\u201d, recientemente publicada en plataformas digitales.<\/p>\n\n\n\n<figure class=\"wp-block-embed is-type-video is-provider-youtube wp-block-embed-youtube wp-embed-aspect-16-9 wp-has-aspect-ratio\"><div class=\"wp-block-embed__wrapper\">\n<iframe loading=\"lazy\" title=\"D\u00eda del M\u00fasico Misionero\" width=\"1110\" height=\"624\" src=\"https:\/\/www.youtube.com\/embed\/pTupKbzlLLQ?feature=oembed\" frameborder=\"0\" allow=\"accelerometer; autoplay; clipboard-write; encrypted-media; gyroscope; picture-in-picture; web-share\" referrerpolicy=\"strict-origin-when-cross-origin\" allowfullscreen><\/iframe>\n<\/div><\/figure>\n\n\n\n<p> Cada 16 de abril se conmemora el D\u00eda del M\u00fasico Misionero, en memoria del cantautor Alcib\u00edades Alarc\u00f3n, uno de los m\u00e1ximos compositores de la tierra colorada, que falleci\u00f3 en esta fecha hace 40 a\u00f1os. En ese marco, el gobernador Hugo Passalacqua recibi\u00f3 en la Residencia oficial al ministro de Cultura, Jos\u00e9 Mart\u00edn Schuap y a V\u00edctor \u201cKiko\u201d Alarc\u00f3n, el hijo del insigne poeta y compositor misionero. En la ocasi\u00f3n le compartieron una versi\u00f3n in\u00e9dita de \u201cMisionero y Guaran\u00ed\u201d, obra emblem\u00e1tica del reconocido artista.<\/p>\n\n\n\n<p>En la ocasi\u00f3n, el ministro de Cultura anunci\u00f3 que la canci\u00f3n \u00abMisionero y Guaran\u00ed\u00bb, cantada por el propio Alcib\u00edades, ya est\u00e1 disponible en plataformas digitales. La publicaci\u00f3n se realiz\u00f3 a trav\u00e9s de la Agregadora de M\u00fasica Argentina (AMA), la primera distribuidora p\u00fablica de m\u00fasica digital en el mundo. Aunque la letra ha sido interpretada por numerosos artistas, la versi\u00f3n que ahora se encuentra en AMA es in\u00e9dita, pues es el \u00fanico registro de la canci\u00f3n en la voz de su propio autor. Schuap detall\u00f3 que fue \u00abuna versi\u00f3n encontrada en casette en su casa y fue remasterizado en producci\u00f3n por el reconocido compositor Osvaldo De La Fuente\u00bb. Y para m\u00e1s emoci\u00f3n, con el bandone\u00f3n de Isaco Abitbol.<\/p>\n\n\n\n<p>UN S\u00cdMBOLO DE LA CULTURA REGIONAL<\/p>\n\n\n\n<p>Adem\u00e1s, durante la reuni\u00f3n, el primer mandatario expres\u00f3 que la figura de Alarc\u00f3n es una \u00ableyenda\u00bb que \u00absupo sintetizar gran parte de nuestra identidad, en su forma de ser, de vivir, cultivar\u00bb en especial por su canci\u00f3n \u00abMisionero y Guaran\u00ed\u00bb. Respecto del repertorio del artista, dio cuenta que \u00abuna canci\u00f3n no se trata solo de cantarla y reproducirla t\u00e9cnicamente, sino de captar y transmitir el esp\u00edritu del autor, esa sensibilidad y espiritualidad que le otorga un car\u00e1cter m\u00e1gico. No cualquiera puede interpretarla; es algo que se debe sentir profundamente. Para lograrlo, el int\u00e9rprete debe conectarse con la esencia del autor, ponerse en su piel y comprender su visi\u00f3n. Alcib\u00edades logr\u00f3 esto de manera excepcional\u00bb.<\/p>\n\n\n\n<p>Al dirigirse a V\u00edctor, coment\u00f3 que \u00abcualquier misionero que interprete los temas de tu padre est\u00e1 conectando con las vivencias y emociones que forman parte de nuestra identidad. Estas canciones son un reflejo aut\u00e9ntico de lo que somos como regi\u00f3n\u00bb. \u00abAlcib\u00edades es un tesoro popular, y por eso estoy tan agradecido de que hayas venido, Kiko. Emociona tu presencia, porque traes contigo toda esa esencia del misionerismo, todo lo que somos, lo que aspiramos ser. Nos conect\u00e1s con nuestras ra\u00edces y nuestro pasado, record\u00e1ndonos que sin ellas no podemos proyectarnos hacia el futuro. La naturaleza misma nos ense\u00f1a esta verdad tan simple: sin ra\u00edces, no hay crecimiento\u00bb, a\u00f1adi\u00f3.<\/p>\n\n\n\n<p>En tanto, el hijo del artista asegur\u00f3 que Alcib\u00edades \u00abfue un verdadero integrador. Con sus letras y canciones, logr\u00f3 transmitir la esencia de nuestra identidad misionera. En su canci\u00f3n &#8216;Misionero y Guaran\u00ed&#8217;, lo sintetiz\u00f3 todo\u00bb.<\/p>\n\n\n\n<p>LA LEYENDA DE LA M\u00daSICA MISIONERA<\/p>\n\n\n\n<p>Alcib\u00edades Alarc\u00f3n, nacido el 9 de septiembre de 1940 en Posadas, dej\u00f3 un legado musical invaluable, entre sus obras m\u00e1s memorables destacan \u00abLa Leyenda del Yasy-Yater\u00e9\u00bb, \u00abEl Ind\u00f3mito Hachador\u00bb, \u00abAdi\u00f3s sin palabras\u00bb y la c\u00e9lebre \u00abMisionero y Guaran\u00ed\u00bb, su canci\u00f3n m\u00e1s conocida.<\/p>\n\n\n\n<p>El m\u00fasico falleci\u00f3 el 16 de abril de 1985, a la edad de 44 a\u00f1os. En homenaje, la C\u00e1mara de Representantes de Misiones estableci\u00f3 en 2015, mediante la Ley provincial 182\/15, el 16 de abril como el D\u00eda del M\u00fasico Misionero. En reconocimiento a su contribuci\u00f3n cultural, el escenario mayor del anfiteatro Manuel A. Ram\u00edrez, en Posadas, lleva su nombre.<\/p>\n\n\n\n<p>Sus restos descansan en el cementerio La Piedad de Posadas, donde cada a\u00f1o se realiza un recorrido guiado con actividades culturales en su honor a donde amigos, m\u00fasicos y admiradores se re\u00fanen para mantener viva su historia y legado. Vale remarcar que en su tumba figura una escritura en guaran\u00ed, tal como lo pidi\u00f3 en su canci\u00f3n m\u00e1s conocida y versionada.<\/p>\n\n\n\n<p>LA SEMANA DEL M\u00daSICO MISIONERO<\/p>\n\n\n\n<p>En el marco de las conmemoraciones a Alcib\u00edades Alarc\u00f3n, se llev\u00f3 a cabo \u201cLa Semana del M\u00fasico Misionero\u201d que comenz\u00f3 el 7 de abril con actividades l\u00fadicas y culturales en distintas instituciones educativas de Misiones. Estas actividades, organizadas por el Ministerio de Cultura y su Subsecretar\u00eda de Relaciones P\u00fablicas e Institucionales, incluyeron m\u00fasica, charlas y reflexiones sobre la identidad cultural y las ra\u00edces locales. As\u00ed, se rindi\u00f3 homenaje al artista en el Bachillerato Polivalente N\u00ba 9 y en la Escuela N\u00ba 3 Domingo Faustino Sarmiento de Posadas. Luego fue el turno de la Escuela N\u00ba 43 de Cerro Cor\u00e1, la Escuela N\u00ba 745 de Pindapoy y la Escuela N\u00ba 1 F\u00e9lix de Azara. Y en esta semana participaron la Escuela Normal Mixta EEUU del Brasil y el Instituto Alas y Ra\u00edces.<\/p>\n\n\n\n<p>El m\u00fasico y docente Roberto Caminos fue quien encabez\u00f3 las actividades interpretando ritmos tradicionales como el chotis, la galopa, la canci\u00f3n misionera, la polquita rural y el gualambao. Su aporte no solo rescat\u00f3 estos g\u00e9neros, sino que tambi\u00e9n invit\u00f3 a reflexionar sobre la poes\u00eda y la identidad cultural de la regi\u00f3n, inspiradas en ra\u00edces guaran\u00edes, influencias inmigrantes y el v\u00ednculo con la tierra colorada.<\/p>\n\n\n\n<p>La semana de homenajes finaliz\u00f3 este 16 de abril con una ofrenda floral en la tumba de Alcib\u00edades Alarc\u00f3n en el cementerio \u00abLa Piedad\u00bb de Posadas.<\/p>\n","protected":false},"excerpt":{"rendered":"<p>En el marco del D&iacute;a del M&uacute;sico Misionero, Hugo Passalacqua recibi&oacute; al ministro de Cultura Jos&eacute; Mart&iacute;n Schuap y a V&iacute;ctor &ldquo;Kiko&rdquo; Alarc&oacute;n, hijo del legendario compositor Alcib&iacute;ades Alarc&oacute;n. Durante&hellip; <\/p>\n","protected":false},"author":3,"featured_media":32126,"comment_status":"closed","ping_status":"closed","sticky":false,"template":"","format":"standard","meta":{"_monsterinsights_skip_tracking":false,"_monsterinsights_sitenote_active":false,"_monsterinsights_sitenote_note":"","_monsterinsights_sitenote_category":0},"categories":[3],"tags":[316],"aioseo_notices":[],"_links":{"self":[{"href":"https:\/\/radionewsmisiones.ar\/site\/wp-json\/wp\/v2\/posts\/32125"}],"collection":[{"href":"https:\/\/radionewsmisiones.ar\/site\/wp-json\/wp\/v2\/posts"}],"about":[{"href":"https:\/\/radionewsmisiones.ar\/site\/wp-json\/wp\/v2\/types\/post"}],"author":[{"embeddable":true,"href":"https:\/\/radionewsmisiones.ar\/site\/wp-json\/wp\/v2\/users\/3"}],"replies":[{"embeddable":true,"href":"https:\/\/radionewsmisiones.ar\/site\/wp-json\/wp\/v2\/comments?post=32125"}],"version-history":[{"count":1,"href":"https:\/\/radionewsmisiones.ar\/site\/wp-json\/wp\/v2\/posts\/32125\/revisions"}],"predecessor-version":[{"id":32127,"href":"https:\/\/radionewsmisiones.ar\/site\/wp-json\/wp\/v2\/posts\/32125\/revisions\/32127"}],"wp:featuredmedia":[{"embeddable":true,"href":"https:\/\/radionewsmisiones.ar\/site\/wp-json\/wp\/v2\/media\/32126"}],"wp:attachment":[{"href":"https:\/\/radionewsmisiones.ar\/site\/wp-json\/wp\/v2\/media?parent=32125"}],"wp:term":[{"taxonomy":"category","embeddable":true,"href":"https:\/\/radionewsmisiones.ar\/site\/wp-json\/wp\/v2\/categories?post=32125"},{"taxonomy":"post_tag","embeddable":true,"href":"https:\/\/radionewsmisiones.ar\/site\/wp-json\/wp\/v2\/tags?post=32125"}],"curies":[{"name":"wp","href":"https:\/\/api.w.org\/{rel}","templated":true}]}}