{"id":32545,"date":"2025-05-06T07:53:50","date_gmt":"2025-05-06T10:53:50","guid":{"rendered":"https:\/\/radionewsmisiones.ar\/site\/?p=32545"},"modified":"2025-05-06T07:54:03","modified_gmt":"2025-05-06T10:54:03","slug":"semana-de-la-vacunacion-en-las-americas-vacunas-para-cada-etapa-de-la-vida","status":"publish","type":"post","link":"https:\/\/radionewsmisiones.ar\/site\/provinciales\/semana-de-la-vacunacion-en-las-americas-vacunas-para-cada-etapa-de-la-vida\/","title":{"rendered":"Semana de la vacunaci\u00f3n en las am\u00e9ricas: vacunas para cada etapa de la vida"},"content":{"rendered":"\n<p>En el marco de la Semana de la Vacunaci\u00f3n en las Am\u00e9ricas, seguimos promoviendo el acceso equitativo a las vacunas del calendario regular bajo el lema \u201cTu decisi\u00f3n marca la diferencia\u201d, siendo este un llamado de acci\u00f3n a la poblaci\u00f3n en general. Las vacunas est\u00e1n disponibles para todas las etapas de la vida, reci\u00e9n nacidos, primera infancia, ingreso escolar, adolescentes, embarazadas, adultos mayores y personal de salud las cuales sirven para proteger la salud individual y colectiva.<\/p>\n\n\n\n<figure class=\"wp-block-image size-large\"><img loading=\"lazy\" width=\"685\" height=\"1024\" src=\"https:\/\/radionewsmisiones.ar\/site\/wp-content\/uploads\/2025\/05\/L-13-685x1024.jpeg\" alt=\"\" class=\"wp-image-32546\" srcset=\"https:\/\/radionewsmisiones.ar\/site\/wp-content\/uploads\/2025\/05\/L-13-685x1024.jpeg 685w, https:\/\/radionewsmisiones.ar\/site\/wp-content\/uploads\/2025\/05\/L-13-201x300.jpeg 201w, https:\/\/radionewsmisiones.ar\/site\/wp-content\/uploads\/2025\/05\/L-13-768x1148.jpeg 768w, https:\/\/radionewsmisiones.ar\/site\/wp-content\/uploads\/2025\/05\/L-13.jpeg 856w\" sizes=\"(max-width: 685px) 100vw, 685px\" \/><\/figure>\n\n\n\n<p>En esta oportunidad, desde el Ministerio de Salud P\u00fablica continuamos haciendo \u00e9nfasis en las vacunas de calendario regular, es por ello que hoy te contamos las vacunas que se encuentran a disposici\u00f3n a partir de los cinco a\u00f1os en adelante.<\/p>\n\n\n\n<p>Edad escolar (5 a\u00f1os) Durante esta etapa se refuerzan defensas adquiridas en la primera infancia y se introducen vacunas nuevas para prevenir enfermedades de alta circulaci\u00f3n. Triple viral (sarampi\u00f3n, rub\u00e9ola y paperas) refuerzo. Triple bacteriana (difteria, t\u00e9tanos y tos convulsa). Poliomielitis (IPV): refuerzo. Adolescencia (a los 11 a\u00f1os) Es una etapa clave para reforzar el esquema y sumar vacunas de prevenci\u00f3n para el futuro. Vacuna contra el Virus del Papiloma Humano (HPV): dosis \u00fanica para ni\u00f1as y ni\u00f1os. Protege contra varios tipos de c\u00e1ncer, entre ellos el de cuello uterino. Meningococo: una dosis. Previene formas graves de meningitis. Triple bacteriana acelular (dTpa): refuerzo. Fiebre amarilla. A partir de los 15 a\u00f1os, adultos, embarazadas, puerperio y personal de salud: Los adultos tambi\u00e9n deben mantenerse protegidos. Algunas vacunas deben aplicarse regularmente, y otras seg\u00fan la situaci\u00f3n individual (trabajo, viajes, enfermedades cr\u00f3nicas, embarazo, etc.). Doble bacteriana (dT): cada 10 a\u00f1os. Hepatitis B: esquema completo si no se cuenta con las tres dosis. Antigripal: anual para personas con factores de riesgo y mayores de 65 a\u00f1os. COVID-19: seg\u00fan esquema y refuerzos recomendados.<\/p>\n\n\n\n<p><strong>Neumococo:<\/strong> para mayores de 65 a\u00f1os y personas con condiciones de riesgo.<\/p>\n\n\n\n<p>Al grupo de embarazadas les corresponde la dosis de Triple Bacteriana Acelular en la semana 20 de gestaci\u00f3n, la vacuna del Virus Sincicial Respiratorio (VSR) gestantes de 32 a 36 semanas, hepatitis B y antigripal.La vacunaci\u00f3n es un derecho y una herramienta esencial de prevenci\u00f3n. Vacunarse no solo protege a quien se vacuna, sino tambi\u00e9n a quienes lo rodean. Durante esta Semana de la Vacunaci\u00f3n en las Am\u00e9ricas, revisa tu carnet, ac\u00e9rcate al centro de salud m\u00e1s cercano y aseg\u00farate de tener las vacunas al d\u00eda. Las vacunas salvan vidas en todas las etapas.<\/p>\n","protected":false},"excerpt":{"rendered":"<p>En el marco de la Semana de la Vacunaci&oacute;n en las Am&eacute;ricas, seguimos promoviendo el acceso equitativo a las vacunas del calendario regular bajo el lema &ldquo;Tu decisi&oacute;n marca la&hellip; <\/p>\n","protected":false},"author":3,"featured_media":32546,"comment_status":"closed","ping_status":"closed","sticky":false,"template":"","format":"standard","meta":{"_monsterinsights_skip_tracking":false,"_monsterinsights_sitenote_active":false,"_monsterinsights_sitenote_note":"","_monsterinsights_sitenote_category":0},"categories":[3],"tags":[19],"aioseo_notices":[],"_links":{"self":[{"href":"https:\/\/radionewsmisiones.ar\/site\/wp-json\/wp\/v2\/posts\/32545"}],"collection":[{"href":"https:\/\/radionewsmisiones.ar\/site\/wp-json\/wp\/v2\/posts"}],"about":[{"href":"https:\/\/radionewsmisiones.ar\/site\/wp-json\/wp\/v2\/types\/post"}],"author":[{"embeddable":true,"href":"https:\/\/radionewsmisiones.ar\/site\/wp-json\/wp\/v2\/users\/3"}],"replies":[{"embeddable":true,"href":"https:\/\/radionewsmisiones.ar\/site\/wp-json\/wp\/v2\/comments?post=32545"}],"version-history":[{"count":1,"href":"https:\/\/radionewsmisiones.ar\/site\/wp-json\/wp\/v2\/posts\/32545\/revisions"}],"predecessor-version":[{"id":32547,"href":"https:\/\/radionewsmisiones.ar\/site\/wp-json\/wp\/v2\/posts\/32545\/revisions\/32547"}],"wp:featuredmedia":[{"embeddable":true,"href":"https:\/\/radionewsmisiones.ar\/site\/wp-json\/wp\/v2\/media\/32546"}],"wp:attachment":[{"href":"https:\/\/radionewsmisiones.ar\/site\/wp-json\/wp\/v2\/media?parent=32545"}],"wp:term":[{"taxonomy":"category","embeddable":true,"href":"https:\/\/radionewsmisiones.ar\/site\/wp-json\/wp\/v2\/categories?post=32545"},{"taxonomy":"post_tag","embeddable":true,"href":"https:\/\/radionewsmisiones.ar\/site\/wp-json\/wp\/v2\/tags?post=32545"}],"curies":[{"name":"wp","href":"https:\/\/api.w.org\/{rel}","templated":true}]}}