{"id":32552,"date":"2025-05-06T08:32:01","date_gmt":"2025-05-06T11:32:01","guid":{"rendered":"https:\/\/radionewsmisiones.ar\/site\/?p=32552"},"modified":"2025-05-06T08:32:04","modified_gmt":"2025-05-06T11:32:04","slug":"mirar-mejor-llega-a-mojon-grande-con-servicios-oftalmologicos-para-la-comunidad","status":"publish","type":"post","link":"https:\/\/radionewsmisiones.ar\/site\/provinciales\/mirar-mejor-llega-a-mojon-grande-con-servicios-oftalmologicos-para-la-comunidad\/","title":{"rendered":"Mirar mejor llega a Moj\u00f3n Grande con servicios oftalmol\u00f3gicos para la comunidad"},"content":{"rendered":"\n<p>El programa \u201cMirar Mejor\u201d llegar\u00e1 ma\u00f1ana mi\u00e9rcoles a la comuna de Moj\u00f3n Grande. La iniciativa es impulsada por el Gobierno de Misiones a trav\u00e9s del Instituto Provincial de Loter\u00edas y Casinos (IPLyC) y en articulaci\u00f3n con la Sociedad Oftalmol\u00f3gica de Misiones (SOMI). La propuesta brinda controles visuales, diagn\u00f3sticos inmediatos y entrega de anteojos en el acto.<\/p>\n\n\n\n<figure class=\"wp-block-image size-full\"><img loading=\"lazy\" width=\"1024\" height=\"624\" src=\"https:\/\/radionewsmisiones.ar\/site\/wp-content\/uploads\/2025\/05\/WhatsApp-Image-2025-05-06-at-08.29.20.jpeg\" alt=\"\" class=\"wp-image-32553\" srcset=\"https:\/\/radionewsmisiones.ar\/site\/wp-content\/uploads\/2025\/05\/WhatsApp-Image-2025-05-06-at-08.29.20.jpeg 1024w, https:\/\/radionewsmisiones.ar\/site\/wp-content\/uploads\/2025\/05\/WhatsApp-Image-2025-05-06-at-08.29.20-300x183.jpeg 300w, https:\/\/radionewsmisiones.ar\/site\/wp-content\/uploads\/2025\/05\/WhatsApp-Image-2025-05-06-at-08.29.20-768x468.jpeg 768w\" sizes=\"(max-width: 1024px) 100vw, 1024px\" \/><\/figure>\n\n\n\n<p> El programa \u201cMirar Mejor\u201d continuar\u00e1 su recorrido por la provincia con un operativo de atenci\u00f3n oftalmol\u00f3gica gratuita que tendr\u00e1 lugar este mi\u00e9rcoles 7 de mayo en Moj\u00f3n Grande. La actividad se realizar\u00e1 en el Sal\u00f3n SOS, en el marco de un cronograma semanal que busca acercar soluciones oftalmol\u00f3gicas integrales a vecinos del interior misionero. La propuesta, impulsada por el Gobierno de Misiones, es coordinada por el IPLyC y se lleva adelante con el acompa\u00f1amiento de la SOMI.<\/p>\n\n\n\n<p>Desde su puesta en marcha en agosto del 2024, ya fueron asistidos vecinos de 28 municipios. Durante las jornadas, se brinda atenci\u00f3n personalizada, diagn\u00f3sticos inmediatos y entrega de anteojos recetados. En ese sentido, el presidente del IPLyC, H\u00e9ctor Rojas Decut, se\u00f1al\u00f3 que el programa \u201clleva salud a cada municipio de Misiones, con una propuesta que brinda a cada vecino una soluci\u00f3n inmediata, con un diagn\u00f3stico preciso y con anteojos que cambian la vida\u201d.<\/p>\n\n\n\n<p>\u201cESTO ME CAMBIA LA VIDA\u201d<\/p>\n\n\n\n<p>La semana pasada el operativo tuvo lugar en la localidad de Itacaruar\u00e9, donde m\u00e1s de 60 personas recibieron atenci\u00f3n. Seg\u00fan explicaron los profesionales, muchos de los pacientes presentaban dificultades para ver de lejos, lo que afecta directamente sus actividades cotidianas y laborales. Justamente, \u00c1ngel Parayba, vecino de Itacaruar\u00e9, relat\u00f3 que fue la primera vez que se realiz\u00f3 un control visual ya que \u201ccuesta conseguir turnos. De ac\u00e1 me dieron un diagn\u00f3stico y anteojos para ver de cerca. Una soluci\u00f3n inmediata para algo que necesitaba\u201d.<\/p>\n\n\n\n<p>Por su parte, Juana Pereira coment\u00f3 que sent\u00eda molestias frecuentes en la vista: \u201cme cansaba cuando miraba la tele o estaba con el celular. Ahora ya no, me prob\u00e9 el anteojo recetado y autom\u00e1ticamente sent\u00ed que la vista se me relaj\u00f3. Esto me cambia la vida, porque esas molestias ya no van a estar m\u00e1s\u201d.<\/p>\n\n\n\n<p>Adem\u00e1s, desde el IPLyC aseguraron que el programa continuar\u00e1 su despliegue en diferentes puntos de la provincia, con una modalidad de atenci\u00f3n directa en cada comunidad y entrega de anteojos en el mismo lugar de diagn\u00f3stico.<\/p>\n","protected":false},"excerpt":{"rendered":"<p>El programa &ldquo;Mirar Mejor&rdquo; llegar&aacute; ma&ntilde;ana mi&eacute;rcoles a la comuna de Moj&oacute;n Grande. La iniciativa es impulsada por el Gobierno de Misiones a trav&eacute;s del Instituto Provincial de Loter&iacute;as y&hellip; <\/p>\n","protected":false},"author":3,"featured_media":32554,"comment_status":"closed","ping_status":"closed","sticky":false,"template":"","format":"standard","meta":{"_monsterinsights_skip_tracking":false,"_monsterinsights_sitenote_active":false,"_monsterinsights_sitenote_note":"","_monsterinsights_sitenote_category":0},"categories":[3],"tags":[173],"aioseo_notices":[],"_links":{"self":[{"href":"https:\/\/radionewsmisiones.ar\/site\/wp-json\/wp\/v2\/posts\/32552"}],"collection":[{"href":"https:\/\/radionewsmisiones.ar\/site\/wp-json\/wp\/v2\/posts"}],"about":[{"href":"https:\/\/radionewsmisiones.ar\/site\/wp-json\/wp\/v2\/types\/post"}],"author":[{"embeddable":true,"href":"https:\/\/radionewsmisiones.ar\/site\/wp-json\/wp\/v2\/users\/3"}],"replies":[{"embeddable":true,"href":"https:\/\/radionewsmisiones.ar\/site\/wp-json\/wp\/v2\/comments?post=32552"}],"version-history":[{"count":1,"href":"https:\/\/radionewsmisiones.ar\/site\/wp-json\/wp\/v2\/posts\/32552\/revisions"}],"predecessor-version":[{"id":32555,"href":"https:\/\/radionewsmisiones.ar\/site\/wp-json\/wp\/v2\/posts\/32552\/revisions\/32555"}],"wp:featuredmedia":[{"embeddable":true,"href":"https:\/\/radionewsmisiones.ar\/site\/wp-json\/wp\/v2\/media\/32554"}],"wp:attachment":[{"href":"https:\/\/radionewsmisiones.ar\/site\/wp-json\/wp\/v2\/media?parent=32552"}],"wp:term":[{"taxonomy":"category","embeddable":true,"href":"https:\/\/radionewsmisiones.ar\/site\/wp-json\/wp\/v2\/categories?post=32552"},{"taxonomy":"post_tag","embeddable":true,"href":"https:\/\/radionewsmisiones.ar\/site\/wp-json\/wp\/v2\/tags?post=32552"}],"curies":[{"name":"wp","href":"https:\/\/api.w.org\/{rel}","templated":true}]}}