{"id":32619,"date":"2025-05-08T07:52:11","date_gmt":"2025-05-08T10:52:11","guid":{"rendered":"https:\/\/radionewsmisiones.ar\/site\/?p=32619"},"modified":"2025-05-08T07:52:15","modified_gmt":"2025-05-08T10:52:15","slug":"ate-definio-paro-con-movilizacion-el-22-y-manana-realiza-plenario-conjunto-con-la-utep","status":"publish","type":"post","link":"https:\/\/radionewsmisiones.ar\/site\/nacionales\/ate-definio-paro-con-movilizacion-el-22-y-manana-realiza-plenario-conjunto-con-la-utep\/","title":{"rendered":"ATE defini\u00f3 paro con movilizaci\u00f3n el 22 y ma\u00f1ana realiza plenario conjunto con la UTEP"},"content":{"rendered":"\n<p>\u201cLa paritaria de la Administraci\u00f3n P\u00fablica se convirti\u00f3 en un fraude. Con buenos modales no vamos a recuperar los salarios que en los \u00faltimos 16 meses el Gobierno nos rob\u00f3\u201d, indic\u00f3 Rodolfo Aguiar.<\/p>\n\n\n\n<figure class=\"wp-block-image size-large\"><img loading=\"lazy\" width=\"1024\" height=\"683\" src=\"https:\/\/radionewsmisiones.ar\/site\/wp-content\/uploads\/2025\/05\/WhatsApp-Image-2025-05-07-at-16.14.42-1024x683.jpeg\" alt=\"\" class=\"wp-image-32620\" srcset=\"https:\/\/radionewsmisiones.ar\/site\/wp-content\/uploads\/2025\/05\/WhatsApp-Image-2025-05-07-at-16.14.42-1024x683.jpeg 1024w, https:\/\/radionewsmisiones.ar\/site\/wp-content\/uploads\/2025\/05\/WhatsApp-Image-2025-05-07-at-16.14.42-300x200.jpeg 300w, https:\/\/radionewsmisiones.ar\/site\/wp-content\/uploads\/2025\/05\/WhatsApp-Image-2025-05-07-at-16.14.42-768x512.jpeg 768w, https:\/\/radionewsmisiones.ar\/site\/wp-content\/uploads\/2025\/05\/WhatsApp-Image-2025-05-07-at-16.14.42.jpeg 1236w\" sizes=\"(max-width: 1024px) 100vw, 1024px\" \/><\/figure>\n\n\n\n<p>La Asociaci\u00f3n Trabajadores del Estado (ATE) defini\u00f3 un Paro Nacional con movilizaciones en todo el pa\u00eds para el jueves 22 de mayo y en la Capital Federal cobra consenso que la movilizaci\u00f3n sea al Ministerio de Econom\u00eda (Av. Hip\u00f3lito Yrigoyen 250) por la reapertura de paritarias, en rechazo al proyecto de fusi\u00f3n de organismos y para exigir la restituci\u00f3n de los fondos adeudados a las provincias. Adem\u00e1s, ma\u00f1ana realizar\u00e1 un plenario conjunto con la Uni\u00f3n de Trabajadores y Trabajadoras de la Econom\u00eda Popular (UTEP) en el que se pondr\u00e1 en debate el nuevo acuerdo con el FMI, los condicionamientos que imponen a la Argentina y el aumento de la deuda externa.<\/p>\n\n\n\n<p>\u201cLa paritaria de la Administraci\u00f3n P\u00fablica se convirti\u00f3 en un fraude. Con buenos modales no vamos a recuperar los salarios que en los \u00faltimos 16 meses el Gobierno nos rob\u00f3. Se trata de m\u00e1s de un 40% en promedio de p\u00e9rdida del poder de compra de los ingresos del sector p\u00fablico\u201d, indic\u00f3 Rodolfo Aguiar, Secretario General de ATE Nacional y agreg\u00f3: \u201cLos gobernadores est\u00e1n todos arrepentidos. Resulta que mandaron a sus diputados siempre a levantar la mano a favor de Milei y ahora el Presidente solo les da para administrar la pobreza\u201d.<\/p>\n\n\n\n<p>Seg\u00fan el Instituto Argentino de An\u00e1lisis Fiscal (IARAF), en los primeros ocho meses del a\u00f1o la ca\u00edda real de las transferencias autom\u00e1ticas a provincias y CABA equivalen a 4,8 billones de pesos.<\/p>\n\n\n\n<p>En esta l\u00ednea, se\u00f1al\u00f3: \u201cEst\u00e1 claro que no alcanza con el di\u00e1logo y las notitas. Tenemos que salir a la calle y profundizar nuestro plan de acci\u00f3n para evitar que sigan destruyendo todo. Ahora piensan fusionar organismos bajo la enorme mentira de que es para ahorrar. No fusionan para ahorrar, fusionan para saquear. Quieren fusionar para eliminar todas las funciones de control y fiscalizaci\u00f3n que tiene el Estado\u201d.<\/p>\n\n\n\n<p>La definici\u00f3n de la nueva medida de fuerza se vot\u00f3 por unanimidad en la reuni\u00f3n de Conducci\u00f3n Nacional con la participaci\u00f3n de las 23 provincias y la Capital Federal. Cabe recordar que en los primeros meses del 2025, las negociaciones salariales quedaron a la mitad de la inflaci\u00f3n: 4% de aumento frente al 8,5% del IPC de marzo.<\/p>\n\n\n\n<p>\u201cEl nuevo acuerdo con el Fondo Monetario Internacional es m\u00e1s ajuste para los jubilados y menos derechos para los trabajadores. Las consecuencias negativas no solo van a impactar sobre los trabajadores formales, por eso es que nos vamos a juntar con los movimientos sociales representados en la UTEP a los efectos de seguir delineando la confrontaci\u00f3n a este Gobierno que desde que lleg\u00f3 no ha hecho otra cosa que beneficiar a los grandes empresarios y empobrecer al resto del pueblo\u201d, concluy\u00f3 Rodolfo Aguiar.<\/p>\n\n\n\n<p>El plenario con la UTEP se realizar\u00e1 este jueves 8 de mayo a partir de las 15 en la Sede Nacional de ATE, en el Anfiteatro Eva Per\u00f3n.<\/p>\n","protected":false},"excerpt":{"rendered":"<p>&ldquo;La paritaria de la Administraci&oacute;n P&uacute;blica se convirti&oacute; en un fraude. Con buenos modales no vamos a recuperar los salarios que en los &uacute;ltimos 16 meses el Gobierno nos rob&oacute;&rdquo;,&hellip; <\/p>\n","protected":false},"author":3,"featured_media":32621,"comment_status":"closed","ping_status":"closed","sticky":false,"template":"","format":"standard","meta":{"_monsterinsights_skip_tracking":false,"_monsterinsights_sitenote_active":false,"_monsterinsights_sitenote_note":"","_monsterinsights_sitenote_category":0},"categories":[4],"tags":[504],"aioseo_notices":[],"_links":{"self":[{"href":"https:\/\/radionewsmisiones.ar\/site\/wp-json\/wp\/v2\/posts\/32619"}],"collection":[{"href":"https:\/\/radionewsmisiones.ar\/site\/wp-json\/wp\/v2\/posts"}],"about":[{"href":"https:\/\/radionewsmisiones.ar\/site\/wp-json\/wp\/v2\/types\/post"}],"author":[{"embeddable":true,"href":"https:\/\/radionewsmisiones.ar\/site\/wp-json\/wp\/v2\/users\/3"}],"replies":[{"embeddable":true,"href":"https:\/\/radionewsmisiones.ar\/site\/wp-json\/wp\/v2\/comments?post=32619"}],"version-history":[{"count":1,"href":"https:\/\/radionewsmisiones.ar\/site\/wp-json\/wp\/v2\/posts\/32619\/revisions"}],"predecessor-version":[{"id":32622,"href":"https:\/\/radionewsmisiones.ar\/site\/wp-json\/wp\/v2\/posts\/32619\/revisions\/32622"}],"wp:featuredmedia":[{"embeddable":true,"href":"https:\/\/radionewsmisiones.ar\/site\/wp-json\/wp\/v2\/media\/32621"}],"wp:attachment":[{"href":"https:\/\/radionewsmisiones.ar\/site\/wp-json\/wp\/v2\/media?parent=32619"}],"wp:term":[{"taxonomy":"category","embeddable":true,"href":"https:\/\/radionewsmisiones.ar\/site\/wp-json\/wp\/v2\/categories?post=32619"},{"taxonomy":"post_tag","embeddable":true,"href":"https:\/\/radionewsmisiones.ar\/site\/wp-json\/wp\/v2\/tags?post=32619"}],"curies":[{"name":"wp","href":"https:\/\/api.w.org\/{rel}","templated":true}]}}