{"id":32623,"date":"2025-05-08T08:13:16","date_gmt":"2025-05-08T11:13:16","guid":{"rendered":"https:\/\/radionewsmisiones.ar\/site\/?p=32623"},"modified":"2025-05-08T08:13:28","modified_gmt":"2025-05-08T11:13:28","slug":"historica-eleccion-de-apes-se-acreditaron-43-escuelas-y-voto-el-100-del-padron","status":"publish","type":"post","link":"https:\/\/radionewsmisiones.ar\/site\/provinciales\/historica-eleccion-de-apes-se-acreditaron-43-escuelas-y-voto-el-100-del-padron\/","title":{"rendered":"Hist\u00f3rica elecci\u00f3n de APES: se acreditaron 43 escuelas y vot\u00f3 el 100% del padr\u00f3n"},"content":{"rendered":"\n<p>Este mi\u00e9rcoles, en el Sal\u00f3n Oval del Ministerio de Educaci\u00f3n de la provincia de Misiones, se celebraron las elecciones de la Asociaci\u00f3n Posade\u00f1a de Estudiantes Secundarios (APES), en una jornada marcada por la participaci\u00f3n plena y el compromiso estudiantil. El evento cont\u00f3 con el acompa\u00f1amiento del equipo del \u00e1rea jur\u00eddica y la Direcci\u00f3n de Pol\u00edticas Estudiantiles del Ministerio de Educaci\u00f3n, junto al \u00e1rea jur\u00eddica del Consejo General de Educaci\u00f3n.<\/p>\n\n\n\n<figure class=\"wp-block-image size-large\"><img loading=\"lazy\" width=\"1024\" height=\"576\" src=\"https:\/\/radionewsmisiones.ar\/site\/wp-content\/uploads\/2025\/05\/WhatsApp-Image-2025-05-08-at-08.09.41-1024x576.jpeg\" alt=\"\" class=\"wp-image-32624\" srcset=\"https:\/\/radionewsmisiones.ar\/site\/wp-content\/uploads\/2025\/05\/WhatsApp-Image-2025-05-08-at-08.09.41-1024x576.jpeg 1024w, https:\/\/radionewsmisiones.ar\/site\/wp-content\/uploads\/2025\/05\/WhatsApp-Image-2025-05-08-at-08.09.41-300x169.jpeg 300w, https:\/\/radionewsmisiones.ar\/site\/wp-content\/uploads\/2025\/05\/WhatsApp-Image-2025-05-08-at-08.09.41-768x432.jpeg 768w, https:\/\/radionewsmisiones.ar\/site\/wp-content\/uploads\/2025\/05\/WhatsApp-Image-2025-05-08-at-08.09.41-1536x864.jpeg 1536w, https:\/\/radionewsmisiones.ar\/site\/wp-content\/uploads\/2025\/05\/WhatsApp-Image-2025-05-08-at-08.09.41.jpeg 1600w\" sizes=\"(max-width: 1024px) 100vw, 1024px\" \/><\/figure>\n\n\n\n<p>Tras un debate realizado el pasado lunes entre las cuatro listas participantes, 43 escuelas se acreditaron para votar, alcanzando as\u00ed un r\u00e9cord hist\u00f3rico tanto en cantidad de instituciones representadas como en participaci\u00f3n: se registr\u00f3 un 100% del padr\u00f3n votado, una cifra sin precedentes en la historia de la organizaci\u00f3n.<\/p>\n\n\n\n<p>Durante las dos horas que dur\u00f3 la votaci\u00f3n, los estudiantes compartieron la jornada de manera pac\u00edfica, intercambiando ideas, tomando mate y fortaleciendo los lazos entre j\u00f3venes de distintas instituciones educativas. A las 20 horas se conocieron los resultados.<\/p>\n\n\n\n<p>Los votos fueron distribuidos de la siguiente manera:<\/p>\n\n\n\n<ul><li>Lista 3: 19 votos<\/li><li>Lista 4: 17 votos<\/li><li>Lista 1: 6 votos<\/li><li>Lista 2: 1 voto<\/li><\/ul>\n\n\n\n<p>La Lista 3, denominada UNIR, fue proclamada como la nueva conducci\u00f3n de APES. Estar\u00e1 presidida por Andresito Delima, del Colegio Mart\u00edn de Moussy. Lo acompa\u00f1ar\u00e1n Tom\u00e1s Rodr\u00edguez (Instituto Virgen de Itat\u00ed) como vicepresidente, M\u00e1ximo Correa (tambi\u00e9n del Mart\u00edn de Moussy) como secretario general, y Natalia Soto (Comercio N.\u00ba 18) como tesorera.<\/p>\n\n\n\n<p>La primera reuni\u00f3n de trabajo de la flamante Comisi\u00f3n Directiva est\u00e1 prevista para el pr\u00f3ximo 9 de mayo. Participar\u00e1n autoridades del Ministerio de Educaci\u00f3n y representantes de la Municipalidad de Posadas, con el objetivo de comenzar a coordinar los preparativos para la Estudiantina 2025.<\/p>\n\n\n\n<p>Con una participaci\u00f3n ejemplar, la jornada electoral de APES no solo marc\u00f3 un hito en la historia de la organizaci\u00f3n, sino que tambi\u00e9n reafirm\u00f3 el compromiso de las juventudes con la democracia, la organizaci\u00f3n y la representaci\u00f3n estudiantil.<\/p>\n","protected":false},"excerpt":{"rendered":"<p>Este mi&eacute;rcoles, en el Sal&oacute;n Oval del Ministerio de Educaci&oacute;n de la provincia de Misiones, se celebraron las elecciones de la Asociaci&oacute;n Posade&ntilde;a de Estudiantes Secundarios (APES), en una jornada&hellip; <\/p>\n","protected":false},"author":3,"featured_media":32624,"comment_status":"closed","ping_status":"closed","sticky":false,"template":"","format":"standard","meta":{"_monsterinsights_skip_tracking":false,"_monsterinsights_sitenote_active":false,"_monsterinsights_sitenote_note":"","_monsterinsights_sitenote_category":0},"categories":[3],"tags":[26],"aioseo_notices":[],"_links":{"self":[{"href":"https:\/\/radionewsmisiones.ar\/site\/wp-json\/wp\/v2\/posts\/32623"}],"collection":[{"href":"https:\/\/radionewsmisiones.ar\/site\/wp-json\/wp\/v2\/posts"}],"about":[{"href":"https:\/\/radionewsmisiones.ar\/site\/wp-json\/wp\/v2\/types\/post"}],"author":[{"embeddable":true,"href":"https:\/\/radionewsmisiones.ar\/site\/wp-json\/wp\/v2\/users\/3"}],"replies":[{"embeddable":true,"href":"https:\/\/radionewsmisiones.ar\/site\/wp-json\/wp\/v2\/comments?post=32623"}],"version-history":[{"count":1,"href":"https:\/\/radionewsmisiones.ar\/site\/wp-json\/wp\/v2\/posts\/32623\/revisions"}],"predecessor-version":[{"id":32625,"href":"https:\/\/radionewsmisiones.ar\/site\/wp-json\/wp\/v2\/posts\/32623\/revisions\/32625"}],"wp:featuredmedia":[{"embeddable":true,"href":"https:\/\/radionewsmisiones.ar\/site\/wp-json\/wp\/v2\/media\/32624"}],"wp:attachment":[{"href":"https:\/\/radionewsmisiones.ar\/site\/wp-json\/wp\/v2\/media?parent=32623"}],"wp:term":[{"taxonomy":"category","embeddable":true,"href":"https:\/\/radionewsmisiones.ar\/site\/wp-json\/wp\/v2\/categories?post=32623"},{"taxonomy":"post_tag","embeddable":true,"href":"https:\/\/radionewsmisiones.ar\/site\/wp-json\/wp\/v2\/tags?post=32623"}],"curies":[{"name":"wp","href":"https:\/\/api.w.org\/{rel}","templated":true}]}}