{"id":32647,"date":"2025-05-09T07:34:15","date_gmt":"2025-05-09T10:34:15","guid":{"rendered":"https:\/\/radionewsmisiones.ar\/site\/?p=32647"},"modified":"2025-05-09T07:34:22","modified_gmt":"2025-05-09T10:34:22","slug":"leon-xiv-es-el-nuevo-papa","status":"publish","type":"post","link":"https:\/\/radionewsmisiones.ar\/site\/nacionales\/leon-xiv-es-el-nuevo-papa\/","title":{"rendered":"Le\u00f3n XIV es el nuevo Papa"},"content":{"rendered":"\n<p>El C\u00f3nclave ha elegido al 267\u00ba Obispo de Roma, el Cardenal Robert Francis Prevost . El anuncio dado a la multitud por el Cardenal Protodi\u00e1cono Dominique Mamberti.<\/p>\n\n\n\n<figure class=\"wp-block-embed is-type-video is-provider-youtube wp-block-embed-youtube wp-embed-aspect-16-9 wp-has-aspect-ratio\"><div class=\"wp-block-embed__wrapper\">\n<iframe loading=\"lazy\" title=\"#shorts Primer saludo del Papa Le\u00f3n XIV\" width=\"1110\" height=\"624\" src=\"https:\/\/www.youtube.com\/embed\/KT6w6pyrH1c?feature=oembed\" frameborder=\"0\" allow=\"accelerometer; autoplay; clipboard-write; encrypted-media; gyroscope; picture-in-picture; web-share\" referrerpolicy=\"strict-origin-when-cross-origin\" allowfullscreen><\/iframe>\n<\/div><\/figure>\n\n\n\n<p><em>Annuntio vobis gaudium magnum: habemus Papam!, <\/em>\u201cLes anuncio con gran alegr\u00eda: \u00a1Tenemos Papa!\u201d. Hace unos instantes, desde el Balc\u00f3n central de la Bas\u00edlica de San Pedro, el Cardenal Protodi\u00e1cono Dominique Mamberti ha pronunciado la esperada f\u00f3rmula latina, comunicando a Roma y al mundo el nombre del nuevo Sucesor de Pedro:<\/p>\n\n\n\n<p><em>\u201cEminentissimum ac Reverendissimum Dominum, Dominum Robertum Franciscum Sanct\u00e6 Roman\u00e6 Ecclesi\u00e6 Cardinale Prevost, qui sibi nomen imposuit Le\u00f3n XIV.<\/em><\/p>\n\n\n\n<p>He aqu\u00ed la traducci\u00f3n en espa\u00f1ol: \u201cEminent\u00edsimo y Reverend\u00edsimo Se\u00f1or, Se\u00f1or Robert Francis Cardenal de la Santa Romana Iglesia Prevost, quien ha tomado el nombre de Le\u00f3n XIV\u201d.<\/p>\n","protected":false},"excerpt":{"rendered":"<p>El C&oacute;nclave ha elegido al 267&ordm; Obispo de Roma, el Cardenal Robert Francis Prevost . El anuncio dado a la multitud por el Cardenal Protodi&aacute;cono Dominique Mamberti. Annuntio vobis gaudium&hellip; <\/p>\n","protected":false},"author":3,"featured_media":32648,"comment_status":"closed","ping_status":"closed","sticky":false,"template":"","format":"standard","meta":{"_monsterinsights_skip_tracking":false,"_monsterinsights_sitenote_active":false,"_monsterinsights_sitenote_note":"","_monsterinsights_sitenote_category":0},"categories":[4],"tags":[822],"aioseo_notices":[],"_links":{"self":[{"href":"https:\/\/radionewsmisiones.ar\/site\/wp-json\/wp\/v2\/posts\/32647"}],"collection":[{"href":"https:\/\/radionewsmisiones.ar\/site\/wp-json\/wp\/v2\/posts"}],"about":[{"href":"https:\/\/radionewsmisiones.ar\/site\/wp-json\/wp\/v2\/types\/post"}],"author":[{"embeddable":true,"href":"https:\/\/radionewsmisiones.ar\/site\/wp-json\/wp\/v2\/users\/3"}],"replies":[{"embeddable":true,"href":"https:\/\/radionewsmisiones.ar\/site\/wp-json\/wp\/v2\/comments?post=32647"}],"version-history":[{"count":1,"href":"https:\/\/radionewsmisiones.ar\/site\/wp-json\/wp\/v2\/posts\/32647\/revisions"}],"predecessor-version":[{"id":32649,"href":"https:\/\/radionewsmisiones.ar\/site\/wp-json\/wp\/v2\/posts\/32647\/revisions\/32649"}],"wp:featuredmedia":[{"embeddable":true,"href":"https:\/\/radionewsmisiones.ar\/site\/wp-json\/wp\/v2\/media\/32648"}],"wp:attachment":[{"href":"https:\/\/radionewsmisiones.ar\/site\/wp-json\/wp\/v2\/media?parent=32647"}],"wp:term":[{"taxonomy":"category","embeddable":true,"href":"https:\/\/radionewsmisiones.ar\/site\/wp-json\/wp\/v2\/categories?post=32647"},{"taxonomy":"post_tag","embeddable":true,"href":"https:\/\/radionewsmisiones.ar\/site\/wp-json\/wp\/v2\/tags?post=32647"}],"curies":[{"name":"wp","href":"https:\/\/api.w.org\/{rel}","templated":true}]}}