{"id":32667,"date":"2025-05-09T07:59:58","date_gmt":"2025-05-09T10:59:58","guid":{"rendered":"https:\/\/radionewsmisiones.ar\/site\/?p=32667"},"modified":"2025-05-09T08:00:02","modified_gmt":"2025-05-09T11:00:02","slug":"ganaderia-misionera-jornada-tecnica-en-ganaderia-reunio-a-200-asistentes-en-inta-cerro-azul","status":"publish","type":"post","link":"https:\/\/radionewsmisiones.ar\/site\/provinciales\/ganaderia-misionera-jornada-tecnica-en-ganaderia-reunio-a-200-asistentes-en-inta-cerro-azul\/","title":{"rendered":"Ganader\u00eda misionera: jornada t\u00e9cnica en ganader\u00eda reuni\u00f3 a 200 asistentes en INTA Cerro Azul"},"content":{"rendered":"\n<p><em>M\u00e1s de 200 productores y profesionales de toda la provincia participaron este jueves 8 de mayo, en la Estaci\u00f3n Experimental Agropecuaria INTA Cerro Azul, de una jornada t\u00e9cnica en ganader\u00eda. La misma fue organizada en conjunto por el INTA con la Federaci\u00f3n de Asociaciones Rurales de Misiones (FARM). El evento se consolid\u00f3 como un espacio clave de intercambio t\u00e9cnico y fortalecimiento para el desarrollo e innovaci\u00f3n en el sector ganadero misionero.<\/em><\/p>\n\n\n\n<figure class=\"wp-block-image size-large\"><img loading=\"lazy\" width=\"1024\" height=\"683\" src=\"https:\/\/radionewsmisiones.ar\/site\/wp-content\/uploads\/2025\/05\/IMG_2980-1024x683.jpg\" alt=\"\" class=\"wp-image-32668\" srcset=\"https:\/\/radionewsmisiones.ar\/site\/wp-content\/uploads\/2025\/05\/IMG_2980-1024x683.jpg 1024w, https:\/\/radionewsmisiones.ar\/site\/wp-content\/uploads\/2025\/05\/IMG_2980-300x200.jpg 300w, https:\/\/radionewsmisiones.ar\/site\/wp-content\/uploads\/2025\/05\/IMG_2980-768x512.jpg 768w, https:\/\/radionewsmisiones.ar\/site\/wp-content\/uploads\/2025\/05\/IMG_2980-1536x1024.jpg 1536w, https:\/\/radionewsmisiones.ar\/site\/wp-content\/uploads\/2025\/05\/IMG_2980-2048x1365.jpg 2048w\" sizes=\"(max-width: 1024px) 100vw, 1024px\" \/><\/figure>\n\n\n\n<p>La apertura estuvo a cargo del director del INTA Cerro Azul, Ing. Horacio Babi, quien agradeci\u00f3 la participaci\u00f3n y destac\u00f3 la presencia de dos consejeros del Consejo Directivo Nacional del INTA, resaltando su rol como nexo entre las demandas del territorio y las pol\u00edticas nacionales. \u201cEs fundamental que nuestras experiencias y necesidades lleguen a los \u00e1mbitos donde se definen las estrategias institucionales\u201d, expres\u00f3 Babi en este sentido.<\/p>\n\n\n\n<p>Por su parte, Dar\u00edo Bruera, presidente de la FARM, se\u00f1al\u00f3 la masiva concurrencia y recalc\u00f3 el rol del INTA en la provincia: \u201cel INTA es una instituci\u00f3n que realmente aporta mucho al agro misionero. Es decisiva para el desarrollo de nuestras chacras. Siempre est\u00e1 lista para acompa\u00f1arnos y eso es clave cuando buscamos intensificar la producci\u00f3n. Los productores necesitamos que el INTA siga siendo esa referencia\u201d.<\/p>\n\n\n\n<p>El Ing. Emilio Maidana, referente del equipo de ganader\u00eda de INTA Cerro Azul, present\u00f3 los avances en los m\u00f3dulos ganaderos que se implementan en la experimental, orientados a adaptar tecnolog\u00edas desarrolladas en la regi\u00f3n n\u00facleo del pa\u00eds a las condiciones ambientales de Misiones. Entre los resultados, se destac\u00f3 el incremento en los niveles de pre\u00f1ez y en la eficiencia de la recr\u00eda mediante la aplicaci\u00f3n de tecnolog\u00edas de procesos.<\/p>\n\n\n\n<p>Asimismo, se presentaron los resultados de tres ensayos de suplementaci\u00f3n invernal que demostraron ser efectivos para superar el bache forrajero durante el invierno. Tambi\u00e9n, se compartieron avances en la implementaci\u00f3n de sistemas silvopastoriles, los cuales mostraron mejores resultados en t\u00e9rminos de producci\u00f3n de carne y eficiencia h\u00eddrica en comparaci\u00f3n con los sistemas a cielo abierto. En estos sistemas, el consumo de agua por animal por semana fue significativamente menor. Adem\u00e1s, se est\u00e1n desarrollando estudios para medir la huella de carbono en conjunto con INTA Montecarlo e INTA Castelar.<\/p>\n\n\n\n<p>La Dra. Victoria Rossner, especialista en sanidad animal del NEA, abord\u00f3 el manejo integral de enfermedades en bovinos, haciendo especial \u00e9nfasis en el control de garrapatas mediante un enfoque combinado: uso racional de garrapaticidas qu\u00edmicos, rotaci\u00f3n de potreros y evaluaci\u00f3n de biotipos resistentes.<\/p>\n\n\n\n<p>Finalmente, coordinadores de proyectos regionales presentaron los avances en desarrollos tecnol\u00f3gicos y acciones de capacitaci\u00f3n implementadas en los \u00faltimos a\u00f1os, orientadas a fortalecer la producci\u00f3n ganadera en el Norte argentino.<\/p>\n\n\n\n<p>Tras las charlas t\u00e9cnicas, se realiz\u00f3 una recorrida a campo en dos postas donde los asistentes pudieron observar los m\u00f3dulos demostrativos implantados en ganader\u00eda. La jornada culmin\u00f3 con un almuerzo de camarader\u00eda, que permiti\u00f3 seguir fortaleciendo los lazos entre productores, t\u00e9cnicos e instituciones.<\/p>\n","protected":false},"excerpt":{"rendered":"<p>M&aacute;s de 200 productores y profesionales de toda la provincia participaron este jueves 8 de mayo, en la Estaci&oacute;n Experimental Agropecuaria INTA Cerro Azul, de una jornada t&eacute;cnica en ganader&iacute;a.&hellip; <\/p>\n","protected":false},"author":3,"featured_media":32669,"comment_status":"closed","ping_status":"closed","sticky":false,"template":"","format":"standard","meta":{"_monsterinsights_skip_tracking":false,"_monsterinsights_sitenote_active":false,"_monsterinsights_sitenote_note":"","_monsterinsights_sitenote_category":0},"categories":[3],"tags":[184],"aioseo_notices":[],"_links":{"self":[{"href":"https:\/\/radionewsmisiones.ar\/site\/wp-json\/wp\/v2\/posts\/32667"}],"collection":[{"href":"https:\/\/radionewsmisiones.ar\/site\/wp-json\/wp\/v2\/posts"}],"about":[{"href":"https:\/\/radionewsmisiones.ar\/site\/wp-json\/wp\/v2\/types\/post"}],"author":[{"embeddable":true,"href":"https:\/\/radionewsmisiones.ar\/site\/wp-json\/wp\/v2\/users\/3"}],"replies":[{"embeddable":true,"href":"https:\/\/radionewsmisiones.ar\/site\/wp-json\/wp\/v2\/comments?post=32667"}],"version-history":[{"count":1,"href":"https:\/\/radionewsmisiones.ar\/site\/wp-json\/wp\/v2\/posts\/32667\/revisions"}],"predecessor-version":[{"id":32670,"href":"https:\/\/radionewsmisiones.ar\/site\/wp-json\/wp\/v2\/posts\/32667\/revisions\/32670"}],"wp:featuredmedia":[{"embeddable":true,"href":"https:\/\/radionewsmisiones.ar\/site\/wp-json\/wp\/v2\/media\/32669"}],"wp:attachment":[{"href":"https:\/\/radionewsmisiones.ar\/site\/wp-json\/wp\/v2\/media?parent=32667"}],"wp:term":[{"taxonomy":"category","embeddable":true,"href":"https:\/\/radionewsmisiones.ar\/site\/wp-json\/wp\/v2\/categories?post=32667"},{"taxonomy":"post_tag","embeddable":true,"href":"https:\/\/radionewsmisiones.ar\/site\/wp-json\/wp\/v2\/tags?post=32667"}],"curies":[{"name":"wp","href":"https:\/\/api.w.org\/{rel}","templated":true}]}}