{"id":32671,"date":"2025-05-09T08:02:40","date_gmt":"2025-05-09T11:02:40","guid":{"rendered":"https:\/\/radionewsmisiones.ar\/site\/?p=32671"},"modified":"2025-05-09T08:07:18","modified_gmt":"2025-05-09T11:07:18","slug":"daniel-vigo-creemos-en-el-compromiso-de-continuar-transformando-a-posadas-con-politicas-publicas-sostenidas","status":"publish","type":"post","link":"https:\/\/radionewsmisiones.ar\/site\/provinciales\/daniel-vigo-creemos-en-el-compromiso-de-continuar-transformando-a-posadas-con-politicas-publicas-sostenidas\/","title":{"rendered":"Daniel Vigo: \u201cCreemos en el compromiso de continuar transformando a Posadas con pol\u00edticas p\u00fablicas sostenidas\u201d"},"content":{"rendered":"\n<p><em>El candidato a concejal por el sublema \u201cCompromiso con vos\u201d se\u00f1al\u00f3 que \u201ctenemos propuestas para el crecimiento de los diferentes barrios porque sabemos lo que eso representa para las familias.<\/em><\/p>\n\n\n\n<figure class=\"wp-block-image size-large\"><img loading=\"lazy\" width=\"1024\" height=\"684\" src=\"https:\/\/radionewsmisiones.ar\/site\/wp-content\/uploads\/2025\/05\/RECORRIDO-DANI-Y-LALO-1024x684.jpg\" alt=\"\" class=\"wp-image-32672\" srcset=\"https:\/\/radionewsmisiones.ar\/site\/wp-content\/uploads\/2025\/05\/RECORRIDO-DANI-Y-LALO-1024x684.jpg 1024w, https:\/\/radionewsmisiones.ar\/site\/wp-content\/uploads\/2025\/05\/RECORRIDO-DANI-Y-LALO-300x200.jpg 300w, https:\/\/radionewsmisiones.ar\/site\/wp-content\/uploads\/2025\/05\/RECORRIDO-DANI-Y-LALO-768x513.jpg 768w, https:\/\/radionewsmisiones.ar\/site\/wp-content\/uploads\/2025\/05\/RECORRIDO-DANI-Y-LALO-1536x1025.jpg 1536w, https:\/\/radionewsmisiones.ar\/site\/wp-content\/uploads\/2025\/05\/RECORRIDO-DANI-Y-LALO-2048x1367.jpg 2048w\" sizes=\"(max-width: 1024px) 100vw, 1024px\" \/><\/figure>\n\n\n\n<p>Daniel Vigo, candidato a concejal por el sublema \u201cCompromiso con vos\u201d, reafirm\u00f3 su convicci\u00f3n de trabajar por el desarrollo de Posadas, acompa\u00f1ando la gesti\u00f3n del intendente Leonardo Stelatto con propuestas concretas para el crecimiento de los barrios.&nbsp; &nbsp;<br><br>\u201cSabemos lo que significa para las familias posade\u00f1as ver c\u00f3mo sus barrios se transforman: obras que solucionan problemas hist\u00f3ricos, mejoran la calidad de vida y generan oportunidades\u201d, afirm\u00f3 el candidato durante un recorrido por las obras hidr\u00e1ulicas en la zona sur de la ciudad.&nbsp;<br><br>En Posadas avanza el plan integral de saneamiento que ya est\u00e1 en marcha en barrios como Piedrabuena, Mini City, G\u00fcemes, Los \u00c1lamos, Jard\u00edn y Los Naranjos. \u201cEsta obra no es un parche, es una soluci\u00f3n definitiva. Estamos construyendo cordones cuneta, badenes y mejorando calles para que el agua de lluvia no sea un problema, sino un recurso bien gestionado\u201d, explic\u00f3.&nbsp;<br><br>El actual coordinador de Obras P\u00fablicas de la Municipalidad, remarc\u00f3 que este proyecto beneficiar\u00e1 directamente a cientos de familias que hist\u00f3ricamente sufrieron inundaciones y falta de infraestructura.&nbsp;&nbsp;&nbsp;<br><br>Con una amplia trayectoria en la gesti\u00f3n p\u00fablica, Vigo destac\u00f3 que su equipo cuenta con las herramientas y el conocimiento necesario para legislar con eficiencia. \u201cTenemos propuestas claras porque conocemos las necesidades de cada barrio y las normativas que hacen falta para resolverlas\u201d, sostuvo.&nbsp;<br><br>Con m\u00e1s de una d\u00e9cada de trabajo junto a Stelatto \u2014primero en Vialidad Provincial y luego en el municipio\u2014, Vigo enfatiz\u00f3 que su paso al Concejo Deliberante busca consolidar una gesti\u00f3n que combine inversi\u00f3n en infraestructura con planificaci\u00f3n urbana inteligente. \u201cSomos posade\u00f1os, conocemos la idiosincrasia de nuestra gente y las urgencias de cada sector. Queremos que todos los barrios tengan las mismas oportunidades, y para eso hace falta legislar con criterio t\u00e9cnico y sensibilidad social\u201d, cerr\u00f3.<\/p>\n","protected":false},"excerpt":{"rendered":"<p>El candidato a concejal por el sublema &ldquo;Compromiso con vos&rdquo; se&ntilde;al&oacute; que &ldquo;tenemos propuestas para el crecimiento de los diferentes barrios porque sabemos lo que eso representa para las familias.&hellip; <\/p>\n","protected":false},"author":3,"featured_media":32673,"comment_status":"closed","ping_status":"closed","sticky":false,"template":"","format":"standard","meta":{"_monsterinsights_skip_tracking":false,"_monsterinsights_sitenote_active":false,"_monsterinsights_sitenote_note":"","_monsterinsights_sitenote_category":0},"categories":[3],"tags":[819],"aioseo_notices":[],"_links":{"self":[{"href":"https:\/\/radionewsmisiones.ar\/site\/wp-json\/wp\/v2\/posts\/32671"}],"collection":[{"href":"https:\/\/radionewsmisiones.ar\/site\/wp-json\/wp\/v2\/posts"}],"about":[{"href":"https:\/\/radionewsmisiones.ar\/site\/wp-json\/wp\/v2\/types\/post"}],"author":[{"embeddable":true,"href":"https:\/\/radionewsmisiones.ar\/site\/wp-json\/wp\/v2\/users\/3"}],"replies":[{"embeddable":true,"href":"https:\/\/radionewsmisiones.ar\/site\/wp-json\/wp\/v2\/comments?post=32671"}],"version-history":[{"count":1,"href":"https:\/\/radionewsmisiones.ar\/site\/wp-json\/wp\/v2\/posts\/32671\/revisions"}],"predecessor-version":[{"id":32674,"href":"https:\/\/radionewsmisiones.ar\/site\/wp-json\/wp\/v2\/posts\/32671\/revisions\/32674"}],"wp:featuredmedia":[{"embeddable":true,"href":"https:\/\/radionewsmisiones.ar\/site\/wp-json\/wp\/v2\/media\/32673"}],"wp:attachment":[{"href":"https:\/\/radionewsmisiones.ar\/site\/wp-json\/wp\/v2\/media?parent=32671"}],"wp:term":[{"taxonomy":"category","embeddable":true,"href":"https:\/\/radionewsmisiones.ar\/site\/wp-json\/wp\/v2\/categories?post=32671"},{"taxonomy":"post_tag","embeddable":true,"href":"https:\/\/radionewsmisiones.ar\/site\/wp-json\/wp\/v2\/tags?post=32671"}],"curies":[{"name":"wp","href":"https:\/\/api.w.org\/{rel}","templated":true}]}}