{"id":32788,"date":"2025-05-14T07:39:06","date_gmt":"2025-05-14T10:39:06","guid":{"rendered":"https:\/\/radionewsmisiones.ar\/site\/?p=32788"},"modified":"2025-05-14T07:39:11","modified_gmt":"2025-05-14T10:39:11","slug":"posadas-fue-invitada-a-dialogo-de-alto-nivel-sobre-movilidad-sostenible","status":"publish","type":"post","link":"https:\/\/radionewsmisiones.ar\/site\/provinciales\/posadas-fue-invitada-a-dialogo-de-alto-nivel-sobre-movilidad-sostenible\/","title":{"rendered":"Posadas fue invitada a Di\u00e1logo de Alto Nivel sobre Movilidad Sostenible"},"content":{"rendered":"\n<p>El evento se llevar\u00e1 a cabo el 23 de Mayo en Buenos Aires y participar\u00e1n representantes de ciudades de todo el pa\u00eds.<\/p>\n\n\n\n<figure class=\"wp-block-image size-large\"><img loading=\"lazy\" width=\"1024\" height=\"576\" src=\"https:\/\/radionewsmisiones.ar\/site\/wp-content\/uploads\/2025\/05\/WhatsApp-Image-2025-05-13-at-11.42.05-1024x576.jpeg\" alt=\"\" class=\"wp-image-32789\" srcset=\"https:\/\/radionewsmisiones.ar\/site\/wp-content\/uploads\/2025\/05\/WhatsApp-Image-2025-05-13-at-11.42.05-1024x576.jpeg 1024w, https:\/\/radionewsmisiones.ar\/site\/wp-content\/uploads\/2025\/05\/WhatsApp-Image-2025-05-13-at-11.42.05-300x169.jpeg 300w, https:\/\/radionewsmisiones.ar\/site\/wp-content\/uploads\/2025\/05\/WhatsApp-Image-2025-05-13-at-11.42.05-768x432.jpeg 768w, https:\/\/radionewsmisiones.ar\/site\/wp-content\/uploads\/2025\/05\/WhatsApp-Image-2025-05-13-at-11.42.05-1536x864.jpeg 1536w, https:\/\/radionewsmisiones.ar\/site\/wp-content\/uploads\/2025\/05\/WhatsApp-Image-2025-05-13-at-11.42.05.jpeg 1600w\" sizes=\"(max-width: 1024px) 100vw, 1024px\" \/><\/figure>\n\n\n\n<p>El intendente Ing. Leonardo Stelatto recibi\u00f3 en su despacho a representantes del programa biciescuelas Argentinas de la Fundaci\u00f3n Expoterra, Fernanda Rodr\u00edguez (L\u00edder de Dise\u00f1o de la Fundaci\u00f3n Expoterra) y Marcelo Torres (a cargo del programa Biciescuelas Argentinas).<\/p>\n\n\n\n<p>En la reuni\u00f3n, los representantes de Biciescuelas argentinas entregaron al intendente la invitaci\u00f3n a la jornada de \u00abDi\u00e1logo de Alto Nivel sobre Movilidad Sostenible en Ciudades Argentinas\u00bb. El encuentro reunir\u00e1 a un selecto grupo de aproximadamente 50 l\u00edderes y decisores clave del \u00e1mbito p\u00fablico y privado. El mismo se realizar\u00e1 el 23 de Mayo en la Ciudad Aut\u00f3noma de Buenos Aires. El objetivo principal de la jornada de di\u00e1logo es generar un espacio de intercambio estrat\u00e9gico entre decisores clave para impulsar la implementaci\u00f3n de sistemas de movilidad urbana m\u00e1s sostenibles en nuestro pa\u00eds. Durante el evento, se abordar\u00e1n temas cruciales como la implementaci\u00f3n de pol\u00edticas, las opciones de financiamiento y el potencial de las alianzas p\u00fablico-privadas en el sector.<\/p>\n\n\n\n<p>Adem\u00e1s, en la oportunidad, los representantes del programa Biciescuelas se interiorizaron sobres las obras que lleva a adelante la ciudad relacionadas con la movilidad sustentables, y sobre el funcionamiento del programa Biciescuelas en el municipio.<\/p>\n\n\n\n<p>El programa Biciescuelas se inaugur\u00f3 en diciembre del 2024 en el Parque de la Ciudad, luego se realiz\u00f3 un programa de verano dos veces por semana durante enero y febrero en distintas locaciones como ser: Parque de la ciudad, Parque la Cantera, El Brete, Jard\u00edn Bot\u00e1nico, Parque lineal y plaza 44 Itaembe Guaz\u00fa. Se ejecuta los fines de semana en distintos lugares, donde los chicos desde los dos hasta 11 a\u00f1os aprenden a usar las bicicletas y la importancia como medios de movilidad sustentables a trav\u00e9s de juegos de aprendizaje. Hasta el momento, 684 chicos participaron de estos eventos.<\/p>\n","protected":false},"excerpt":{"rendered":"<p>El evento se llevar&aacute; a cabo el 23 de Mayo en Buenos Aires y participar&aacute;n representantes de ciudades de todo el pa&iacute;s. El intendente Ing. Leonardo Stelatto recibi&oacute; en su&hellip; <\/p>\n","protected":false},"author":3,"featured_media":32789,"comment_status":"closed","ping_status":"closed","sticky":false,"template":"","format":"standard","meta":{"_monsterinsights_skip_tracking":false,"_monsterinsights_sitenote_active":false,"_monsterinsights_sitenote_note":"","_monsterinsights_sitenote_category":0},"categories":[3],"tags":[22],"aioseo_notices":[],"_links":{"self":[{"href":"https:\/\/radionewsmisiones.ar\/site\/wp-json\/wp\/v2\/posts\/32788"}],"collection":[{"href":"https:\/\/radionewsmisiones.ar\/site\/wp-json\/wp\/v2\/posts"}],"about":[{"href":"https:\/\/radionewsmisiones.ar\/site\/wp-json\/wp\/v2\/types\/post"}],"author":[{"embeddable":true,"href":"https:\/\/radionewsmisiones.ar\/site\/wp-json\/wp\/v2\/users\/3"}],"replies":[{"embeddable":true,"href":"https:\/\/radionewsmisiones.ar\/site\/wp-json\/wp\/v2\/comments?post=32788"}],"version-history":[{"count":1,"href":"https:\/\/radionewsmisiones.ar\/site\/wp-json\/wp\/v2\/posts\/32788\/revisions"}],"predecessor-version":[{"id":32790,"href":"https:\/\/radionewsmisiones.ar\/site\/wp-json\/wp\/v2\/posts\/32788\/revisions\/32790"}],"wp:featuredmedia":[{"embeddable":true,"href":"https:\/\/radionewsmisiones.ar\/site\/wp-json\/wp\/v2\/media\/32789"}],"wp:attachment":[{"href":"https:\/\/radionewsmisiones.ar\/site\/wp-json\/wp\/v2\/media?parent=32788"}],"wp:term":[{"taxonomy":"category","embeddable":true,"href":"https:\/\/radionewsmisiones.ar\/site\/wp-json\/wp\/v2\/categories?post=32788"},{"taxonomy":"post_tag","embeddable":true,"href":"https:\/\/radionewsmisiones.ar\/site\/wp-json\/wp\/v2\/tags?post=32788"}],"curies":[{"name":"wp","href":"https:\/\/api.w.org\/{rel}","templated":true}]}}