{"id":32791,"date":"2025-05-14T07:40:34","date_gmt":"2025-05-14T10:40:34","guid":{"rendered":"https:\/\/radionewsmisiones.ar\/site\/?p=32791"},"modified":"2025-05-14T07:40:46","modified_gmt":"2025-05-14T10:40:46","slug":"la-feria-del-libro-vuelve-a-la-costanera-con-una-propuesta-cultural-para-toda-la-comunidad","status":"publish","type":"post","link":"https:\/\/radionewsmisiones.ar\/site\/provinciales\/la-feria-del-libro-vuelve-a-la-costanera-con-una-propuesta-cultural-para-toda-la-comunidad\/","title":{"rendered":"La Feria del Libro vuelve a la Costanera con una propuesta cultural para toda la comunidad"},"content":{"rendered":"\n<p>Del 29 de mayo al 1 de junio, el Cuarto Tramo de la Costanera ser\u00e1 una vez m\u00e1s el punto de encuentro para amantes de la lectura, la cultura y la creatividad.<\/p>\n\n\n\n<figure class=\"wp-block-image size-large\"><img loading=\"lazy\" width=\"1024\" height=\"682\" src=\"https:\/\/radionewsmisiones.ar\/site\/wp-content\/uploads\/2025\/05\/WhatsApp-Image-2025-05-13-at-11.17.45-1024x682.jpeg\" alt=\"\" class=\"wp-image-32792\" srcset=\"https:\/\/radionewsmisiones.ar\/site\/wp-content\/uploads\/2025\/05\/WhatsApp-Image-2025-05-13-at-11.17.45-1024x682.jpeg 1024w, https:\/\/radionewsmisiones.ar\/site\/wp-content\/uploads\/2025\/05\/WhatsApp-Image-2025-05-13-at-11.17.45-300x200.jpeg 300w, https:\/\/radionewsmisiones.ar\/site\/wp-content\/uploads\/2025\/05\/WhatsApp-Image-2025-05-13-at-11.17.45-768x512.jpeg 768w, https:\/\/radionewsmisiones.ar\/site\/wp-content\/uploads\/2025\/05\/WhatsApp-Image-2025-05-13-at-11.17.45-1536x1023.jpeg 1536w, https:\/\/radionewsmisiones.ar\/site\/wp-content\/uploads\/2025\/05\/WhatsApp-Image-2025-05-13-at-11.17.45.jpeg 1600w\" sizes=\"(max-width: 1024px) 100vw, 1024px\" \/><\/figure>\n\n\n\n<p>La edici\u00f3n 2025 de la Feria del Libro reunir\u00e1 una amplia agenda de actividades para todas las edades, reafirmando su rol como uno de los eventos culturales m\u00e1s esperados de la ciudad. Durante los d\u00edas jueves 29 y viernes 30 de mayo, la feria abrir\u00e1 sus puertas de 8:00 a 18:00 horas, mientras que el fin de semana, el horario se extender\u00e1 de 16:00 a 21:00.<\/p>\n\n\n\n<p>La propuesta incluir\u00e1 talleres de escritura creativa y poes\u00eda, presentaciones de libros a cargo de autores locales y nacionales, cuentacuentos para ni\u00f1os y ni\u00f1as, actividades al aire libre, y un espacio de intercambio de libros bajo la consigna: \u201c\u00a1Tra\u00e9 uno, llevate otro!\u201d.<\/p>\n\n\n\n<p>Adem\u00e1s, se realizar\u00e1n homenajes y reconocimientos a figuras destacadas de la cultura, en un entorno pensado para disfrutar en familia, compartir experiencias y acercarse a la lectura desde m\u00faltiples lenguajes y formatos.<\/p>\n\n\n\n<p>\u201cEst\u00e1 invitada toda la comunidad a participar de la Feria del Libro, que es un evento cultural y educativo de democratizaci\u00f3n y acceso al libro. No se trata solo de acceder al conocimiento, sino tambi\u00e9n de promover la imaginaci\u00f3n, la creatividad e incluso mejorar la forma de hablar y escribir\u201d, expres\u00f3 la secretaria de Cultura y Educaci\u00f3n, Mariela Dachary.<\/p>\n\n\n\n<p>\u201cInvitamos a las familias, a los abuelos y abuelas a que lleven a sus nietos, a los t\u00edos que lleven a sus sobrinos, a las maestras y maestros que acerquen a los ni\u00f1os y ni\u00f1as a la lectura. Este ser\u00e1 un gran evento para Posadas y para toda la comunidad\u201d, destac\u00f3 la funcionaria.<\/p>\n\n\n\n<p>La feria se presenta como un reflejo vivo del compromiso del municipio con la formaci\u00f3n ciudadana, la cultura y la educaci\u00f3n, pilares esenciales para el desarrollo humano y el fortalecimiento de la democracia.<\/p>\n","protected":false},"excerpt":{"rendered":"<p>Del 29 de mayo al 1 de junio, el Cuarto Tramo de la Costanera ser&aacute; una vez m&aacute;s el punto de encuentro para amantes de la lectura, la cultura y&hellip; <\/p>\n","protected":false},"author":3,"featured_media":32793,"comment_status":"closed","ping_status":"closed","sticky":false,"template":"","format":"standard","meta":{"_monsterinsights_skip_tracking":false,"_monsterinsights_sitenote_active":false,"_monsterinsights_sitenote_note":"","_monsterinsights_sitenote_category":0},"categories":[3],"tags":[22],"aioseo_notices":[],"_links":{"self":[{"href":"https:\/\/radionewsmisiones.ar\/site\/wp-json\/wp\/v2\/posts\/32791"}],"collection":[{"href":"https:\/\/radionewsmisiones.ar\/site\/wp-json\/wp\/v2\/posts"}],"about":[{"href":"https:\/\/radionewsmisiones.ar\/site\/wp-json\/wp\/v2\/types\/post"}],"author":[{"embeddable":true,"href":"https:\/\/radionewsmisiones.ar\/site\/wp-json\/wp\/v2\/users\/3"}],"replies":[{"embeddable":true,"href":"https:\/\/radionewsmisiones.ar\/site\/wp-json\/wp\/v2\/comments?post=32791"}],"version-history":[{"count":1,"href":"https:\/\/radionewsmisiones.ar\/site\/wp-json\/wp\/v2\/posts\/32791\/revisions"}],"predecessor-version":[{"id":32794,"href":"https:\/\/radionewsmisiones.ar\/site\/wp-json\/wp\/v2\/posts\/32791\/revisions\/32794"}],"wp:featuredmedia":[{"embeddable":true,"href":"https:\/\/radionewsmisiones.ar\/site\/wp-json\/wp\/v2\/media\/32793"}],"wp:attachment":[{"href":"https:\/\/radionewsmisiones.ar\/site\/wp-json\/wp\/v2\/media?parent=32791"}],"wp:term":[{"taxonomy":"category","embeddable":true,"href":"https:\/\/radionewsmisiones.ar\/site\/wp-json\/wp\/v2\/categories?post=32791"},{"taxonomy":"post_tag","embeddable":true,"href":"https:\/\/radionewsmisiones.ar\/site\/wp-json\/wp\/v2\/tags?post=32791"}],"curies":[{"name":"wp","href":"https:\/\/api.w.org\/{rel}","templated":true}]}}