{"id":32822,"date":"2025-05-15T07:40:39","date_gmt":"2025-05-15T10:40:39","guid":{"rendered":"https:\/\/radionewsmisiones.ar\/site\/?p=32822"},"modified":"2025-05-15T07:40:50","modified_gmt":"2025-05-15T10:40:50","slug":"mirar-mejor-estuvo-en-el-alcazar","status":"publish","type":"post","link":"https:\/\/radionewsmisiones.ar\/site\/provinciales\/mirar-mejor-estuvo-en-el-alcazar\/","title":{"rendered":"Mirar Mejor, estuvo en El Alc\u00e1zar"},"content":{"rendered":"\n<p>Mirar Mejor ya recorri\u00f3 30 municipios, atendi\u00f3 a m\u00e1s de 2300 vecinos y entreg\u00f3 m\u00e1s de 2100 anteojos<\/p>\n\n\n\n<p>Este mi\u00e9rcoles, el programa Mirar Mejor sum\u00f3 un nuevo destino: El Alc\u00e1zar, el n\u00famero 30 desde el arranque de la propuesta. All\u00ed, m\u00e1s de 60 vecinos accedieron a esta propuesta que acerca atenci\u00f3n oftalmol\u00f3gica integral a distintos municipios de la provincia.<\/p>\n\n\n\n<figure class=\"wp-block-image size-full\"><img loading=\"lazy\" width=\"1000\" height=\"750\" src=\"https:\/\/radionewsmisiones.ar\/site\/wp-content\/uploads\/2025\/05\/Mirar-Mejor-El-Alcazar.jpeg\" alt=\"\" class=\"wp-image-32823\" srcset=\"https:\/\/radionewsmisiones.ar\/site\/wp-content\/uploads\/2025\/05\/Mirar-Mejor-El-Alcazar.jpeg 1000w, https:\/\/radionewsmisiones.ar\/site\/wp-content\/uploads\/2025\/05\/Mirar-Mejor-El-Alcazar-300x225.jpeg 300w, https:\/\/radionewsmisiones.ar\/site\/wp-content\/uploads\/2025\/05\/Mirar-Mejor-El-Alcazar-768x576.jpeg 768w\" sizes=\"(max-width: 1000px) 100vw, 1000px\" \/><\/figure>\n\n\n\n<p>Las consultas por dificultades al ver de cerca fueron las que marcaron el pulso de la jornada. Gran parte de los pacientes indic\u00f3 que esto afecta la calidad de vida y complicaciones al momento de realizar tareas laborales.<\/p>\n\n\n\n<p>\u00c1ngela Hahn, vecina, cont\u00f3 que \u201cla \u00faltima vez que me hice control de la vista fue cuando era chica y ahora pensaba que no lo necesitaba, relacionaba el cansancio de la vista con el d\u00eda a d\u00eda, pero no, el oftalm\u00f3logo me dijo que necesito anteojos. No pensaba salir de la consulta y salir con anteojos, con los que ya miro mejor\u201d.<\/p>\n\n\n\n<p>Bernardino Aldana, otro de los pacientes de Mirar Mejor en la comuna, relat\u00f3: \u201cEs la primera vez que asisto a un control; tuve una atenci\u00f3n de primer nivel, con mucha explicaci\u00f3n del profesional para cuidar mi visi\u00f3n. Salgo de ac\u00e1 con anteojos y voy a volver a leer con normalidad, algo que hace mucho tiempo no lo hac\u00eda\u201d.<\/p>\n\n\n\n<p>Mientras que Rosalinda Nu\u00f1ez dijo que \u201cs\u00e9 que los anteojos son muy costosos y cuesta conseguir turnos, entonces que estas propuestas vengan al barrio, cerca de donde uno vive, nos alivia mucho y es de gran ayuda\u201d.<\/p>\n\n\n\n<p>El presidente del IPLyC, H\u00e9ctor Rojas Decut, asever\u00f3 que \u201cMirar Mejor es vivir mejor, acercamos soluciones concretas a los vecinos, con anteojos que transforman vidas inmediatamente\u201d.<\/p>\n\n\n\n<p>De esta manera, este programa de Gobernaci\u00f3n y coordinado por el IPLyC ya brind\u00f3 soluciones oftalmol\u00f3gicas integrales a m\u00e1s de 2300 misioneros, con un total de 2100 anteojos entregados que cambiaron la vida de cada uno de los pacientes. La iniciativa lleg\u00f3 a las comunas de Almafuerte, Cerro Azul, San Javier, Cerro Cor\u00e1, Loreto, Panamb\u00ed, Santa Ana, Capiov\u00ed, Dos de Mayo, Campo Ram\u00f3n, Santo Pip\u00f3, Arroyo del Medio, Hip\u00f3lito Yrigoyen, Profundidad, Gobernador L\u00f3pez, Dos Arroyos, M\u00e1rtires, Olegario V\u00edctor Andrade, Alba Posse, Ober\u00e1, Puerto Leoni, Garuhap\u00e9, Colonia Polana, General Alvear, Ca\u00e1 Yar\u00ed, Corpus, Ru\u00edz de Montoya, Itacaruar\u00e9, Moj\u00f3n Grande y El Alc\u00e1zar.<\/p>\n\n\n\n<p><strong>El cronograma de recorridos sigue, el pr\u00f3ximo mi\u00e9rcoles ser\u00e1 el turno de Colonia Alberdi.<\/strong><\/p>\n","protected":false},"excerpt":{"rendered":"<p>Mirar Mejor ya recorri&oacute; 30 municipios, atendi&oacute; a m&aacute;s de 2300 vecinos y entreg&oacute; m&aacute;s de 2100 anteojos Este mi&eacute;rcoles, el programa Mirar Mejor sum&oacute; un nuevo destino: El Alc&aacute;zar,&hellip; <\/p>\n","protected":false},"author":3,"featured_media":32824,"comment_status":"closed","ping_status":"closed","sticky":false,"template":"","format":"standard","meta":{"_monsterinsights_skip_tracking":false,"_monsterinsights_sitenote_active":false,"_monsterinsights_sitenote_note":"","_monsterinsights_sitenote_category":0},"categories":[3],"tags":[173],"aioseo_notices":[],"_links":{"self":[{"href":"https:\/\/radionewsmisiones.ar\/site\/wp-json\/wp\/v2\/posts\/32822"}],"collection":[{"href":"https:\/\/radionewsmisiones.ar\/site\/wp-json\/wp\/v2\/posts"}],"about":[{"href":"https:\/\/radionewsmisiones.ar\/site\/wp-json\/wp\/v2\/types\/post"}],"author":[{"embeddable":true,"href":"https:\/\/radionewsmisiones.ar\/site\/wp-json\/wp\/v2\/users\/3"}],"replies":[{"embeddable":true,"href":"https:\/\/radionewsmisiones.ar\/site\/wp-json\/wp\/v2\/comments?post=32822"}],"version-history":[{"count":1,"href":"https:\/\/radionewsmisiones.ar\/site\/wp-json\/wp\/v2\/posts\/32822\/revisions"}],"predecessor-version":[{"id":32825,"href":"https:\/\/radionewsmisiones.ar\/site\/wp-json\/wp\/v2\/posts\/32822\/revisions\/32825"}],"wp:featuredmedia":[{"embeddable":true,"href":"https:\/\/radionewsmisiones.ar\/site\/wp-json\/wp\/v2\/media\/32824"}],"wp:attachment":[{"href":"https:\/\/radionewsmisiones.ar\/site\/wp-json\/wp\/v2\/media?parent=32822"}],"wp:term":[{"taxonomy":"category","embeddable":true,"href":"https:\/\/radionewsmisiones.ar\/site\/wp-json\/wp\/v2\/categories?post=32822"},{"taxonomy":"post_tag","embeddable":true,"href":"https:\/\/radionewsmisiones.ar\/site\/wp-json\/wp\/v2\/tags?post=32822"}],"curies":[{"name":"wp","href":"https:\/\/api.w.org\/{rel}","templated":true}]}}