{"id":32826,"date":"2025-05-15T07:46:34","date_gmt":"2025-05-15T10:46:34","guid":{"rendered":"https:\/\/radionewsmisiones.ar\/site\/?p=32826"},"modified":"2025-05-15T07:46:37","modified_gmt":"2025-05-15T10:46:37","slug":"posadas-homenajeo-al-fino-gehrmann-maximo-exponente-del-basquet-misionero","status":"publish","type":"post","link":"https:\/\/radionewsmisiones.ar\/site\/provinciales\/posadas-homenajeo-al-fino-gehrmann-maximo-exponente-del-basquet-misionero\/","title":{"rendered":"Posadas homenaje\u00f3 al \u2018Fino\u2019 Gehrmann, m\u00e1ximo exponente del b\u00e1squet misionero"},"content":{"rendered":"\n<p>La Municipalidad de Posadas rindi\u00f3 homenaje al reconocido basquetbolista con la inauguraci\u00f3n de un mural. Stelatto y Flores resaltaron el legado y la influencia de Gehrmann en las nuevas generaciones de deportistas.<\/p>\n\n\n\n<figure class=\"wp-block-image size-large\"><img loading=\"lazy\" width=\"1024\" height=\"684\" src=\"https:\/\/radionewsmisiones.ar\/site\/wp-content\/uploads\/2025\/05\/WhatsApp-Image-2025-05-14-at-22.17.13-1024x684.jpeg\" alt=\"\" class=\"wp-image-32827\" srcset=\"https:\/\/radionewsmisiones.ar\/site\/wp-content\/uploads\/2025\/05\/WhatsApp-Image-2025-05-14-at-22.17.13-1024x684.jpeg 1024w, https:\/\/radionewsmisiones.ar\/site\/wp-content\/uploads\/2025\/05\/WhatsApp-Image-2025-05-14-at-22.17.13-300x200.jpeg 300w, https:\/\/radionewsmisiones.ar\/site\/wp-content\/uploads\/2025\/05\/WhatsApp-Image-2025-05-14-at-22.17.13-768x513.jpeg 768w, https:\/\/radionewsmisiones.ar\/site\/wp-content\/uploads\/2025\/05\/WhatsApp-Image-2025-05-14-at-22.17.13.jpeg 1504w\" sizes=\"(max-width: 1024px) 100vw, 1024px\" \/><\/figure>\n\n\n\n<p>En conmemoraci\u00f3n del D\u00eda Provincial del Deporte, que se celebra el 7 de mayo en honor al natalicio de Ernesto \u2018Finito\u2019 Gehrmann, la ciudad de Posadas llev\u00f3 a cabo esta tarde un emotivo acto. La ceremonia incluy\u00f3 la inauguraci\u00f3n de un mural en reconocimiento a la trayectoria de uno de los m\u00e1s grandes deportistas misioneros y emblema del b\u00e1squet argentino.<\/p>\n\n\n\n<p>El evento se realiz\u00f3 en el polideportivo municipal que lleva su nombre, donde se destac\u00f3 la labor de entrenadores y formadores de b\u00e1squet de todas las categor\u00edas en la formaci\u00f3n de nuevas generaciones. El intendente Leonardo Stelatto, subray\u00f3 la importancia de rendir homenaje a los \u00edconos en vida: \u201cEs importante reconocer en vida todo lo que fue una gran persona como Gehrmann\u201d, afirm\u00f3.<\/p>\n\n\n\n<p>El alcalde tambi\u00e9n agradeci\u00f3 a los profesores y formadores que apoyan a los futuros talentos del deporte. \u201cAqu\u00ed estar\u00e1 la gesti\u00f3n acompa\u00f1\u00e1ndote Fino y tambi\u00e9n a todos los atletas porque el deporte es formador de personas y de valores en los chicos, que hoy es lo que m\u00e1s necesitamos en los barrios\u201d, asegur\u00f3, destacando el impacto positivo de la pr\u00e1ctica deportiva en la comunidad.<\/p>\n\n\n\n<p>Por su parte, la secretaria de Deportes y Desarrollo Humano, Gabriela Flores, reconoci\u00f3 el legado que Gehrmann dej\u00f3 en el b\u00e1squet. \u201cEstamos muy contentos de poder brindarle este homenaje a quien fue y sigue siendo un referente para el deporte misionero por su profesionalismo y su humildad\u201d, expres\u00f3 y agreg\u00f3: \u201cCon su presencia nos sigue transmitiendo un mont\u00f3n de aprendizajes, al igual que los profesores de b\u00e1squet con todos los chicos y chicas\u201d.<\/p>\n\n\n\n<p>Respecto al mural inaugurado, Flores consider\u00f3 que \u201cpara nosotros significa un faro que nos gu\u00eda a seguir trabajando para que el deporte nos represente a todos y juntos poder construir el valor del deporte, la cultura y sobre todo la historia en la ciudad\u201d. Esta celebraci\u00f3n mantiene viva la trayectoria de Gehrmann y refuerza el compromiso del Gobierno municipal con el desarrollo del deporte y la formaci\u00f3n de valores en la juventud.<\/p>\n","protected":false},"excerpt":{"rendered":"<p>La Municipalidad de Posadas rindi&oacute; homenaje al reconocido basquetbolista con la inauguraci&oacute;n de un mural. Stelatto y Flores resaltaron el legado y la influencia de Gehrmann en las nuevas generaciones&hellip; <\/p>\n","protected":false},"author":3,"featured_media":32828,"comment_status":"closed","ping_status":"closed","sticky":false,"template":"","format":"standard","meta":{"_monsterinsights_skip_tracking":false,"_monsterinsights_sitenote_active":false,"_monsterinsights_sitenote_note":"","_monsterinsights_sitenote_category":0},"categories":[3],"tags":[22],"aioseo_notices":[],"_links":{"self":[{"href":"https:\/\/radionewsmisiones.ar\/site\/wp-json\/wp\/v2\/posts\/32826"}],"collection":[{"href":"https:\/\/radionewsmisiones.ar\/site\/wp-json\/wp\/v2\/posts"}],"about":[{"href":"https:\/\/radionewsmisiones.ar\/site\/wp-json\/wp\/v2\/types\/post"}],"author":[{"embeddable":true,"href":"https:\/\/radionewsmisiones.ar\/site\/wp-json\/wp\/v2\/users\/3"}],"replies":[{"embeddable":true,"href":"https:\/\/radionewsmisiones.ar\/site\/wp-json\/wp\/v2\/comments?post=32826"}],"version-history":[{"count":1,"href":"https:\/\/radionewsmisiones.ar\/site\/wp-json\/wp\/v2\/posts\/32826\/revisions"}],"predecessor-version":[{"id":32829,"href":"https:\/\/radionewsmisiones.ar\/site\/wp-json\/wp\/v2\/posts\/32826\/revisions\/32829"}],"wp:featuredmedia":[{"embeddable":true,"href":"https:\/\/radionewsmisiones.ar\/site\/wp-json\/wp\/v2\/media\/32828"}],"wp:attachment":[{"href":"https:\/\/radionewsmisiones.ar\/site\/wp-json\/wp\/v2\/media?parent=32826"}],"wp:term":[{"taxonomy":"category","embeddable":true,"href":"https:\/\/radionewsmisiones.ar\/site\/wp-json\/wp\/v2\/categories?post=32826"},{"taxonomy":"post_tag","embeddable":true,"href":"https:\/\/radionewsmisiones.ar\/site\/wp-json\/wp\/v2\/tags?post=32826"}],"curies":[{"name":"wp","href":"https:\/\/api.w.org\/{rel}","templated":true}]}}