{"id":32830,"date":"2025-05-15T07:49:52","date_gmt":"2025-05-15T10:49:52","guid":{"rendered":"https:\/\/radionewsmisiones.ar\/site\/?p=32830"},"modified":"2025-05-15T07:50:03","modified_gmt":"2025-05-15T10:50:03","slug":"trabajadoras-de-la-economia-popular-salen-adelante-con-su-panaderia-artesanal-que-funciona-en-chacra-122","status":"publish","type":"post","link":"https:\/\/radionewsmisiones.ar\/site\/provinciales\/trabajadoras-de-la-economia-popular-salen-adelante-con-su-panaderia-artesanal-que-funciona-en-chacra-122\/","title":{"rendered":"Trabajadoras de la econom\u00eda popular salen adelante\u00a0con su Panader\u00eda \u00abArtesanal\u00bb, que funciona en chacra 122"},"content":{"rendered":"\n<p>POSADAS. La Panader\u00eda \u00abArtesanal\u00bb, funciona en la chacra 122 de Posadas desde hace m\u00e1s de tres a\u00f1os. Fue creada\u00a0por un laborioso grupo de mujeres que hicieron realidad el sue\u00f1o de su propio emprendimiento, ofreciendo calidad en los panificados artesanales y en muchos otros productos.<\/p>\n\n\n\n<figure class=\"wp-block-image size-full\"><img loading=\"lazy\" width=\"828\" height=\"649\" src=\"https:\/\/radionewsmisiones.ar\/site\/wp-content\/uploads\/2025\/05\/Mujeres-trabajadoras-de-la-economia-popular-salen-adelante-con-esfuerzo-y-perseverancia..jpg\" alt=\"\" class=\"wp-image-32831\" srcset=\"https:\/\/radionewsmisiones.ar\/site\/wp-content\/uploads\/2025\/05\/Mujeres-trabajadoras-de-la-economia-popular-salen-adelante-con-esfuerzo-y-perseverancia..jpg 828w, https:\/\/radionewsmisiones.ar\/site\/wp-content\/uploads\/2025\/05\/Mujeres-trabajadoras-de-la-economia-popular-salen-adelante-con-esfuerzo-y-perseverancia.-300x235.jpg 300w, https:\/\/radionewsmisiones.ar\/site\/wp-content\/uploads\/2025\/05\/Mujeres-trabajadoras-de-la-economia-popular-salen-adelante-con-esfuerzo-y-perseverancia.-768x602.jpg 768w\" sizes=\"(max-width: 828px) 100vw, 828px\" \/><\/figure>\n\n\n\n<p><br>Elaboran distintos panificados como pancuca e integral, prepizzas y facturas que \u00abdespiertan los sentidos porque todo est\u00e1 hecho con amor y dedicaci\u00f3n, manteniendo la tradici\u00f3n artesanal en cada bocado, por eso le pusimos ese\u00a0nombre\u00bb, cuentan las trabajadoras de la econom\u00eda popular.<br>Adem\u00e1s de la venta en el barrio, tambi\u00e9n exponen en las ferias donde se realizan los Alimentazos que organiza la Uni\u00f3n de Trabajadores\/as de la Econom\u00eda Popular (Utep).<\/p>\n\n\n\n<p><br>Apoyar a proyectos como este no s\u00f3lo significa disfrutar de productos frescos y sabrosos, \u00absino tambi\u00e9n buscamos fortalecer la comunidad y celebrar el esfuerzo y la creatividad de todas las compa\u00f1eras emprendedoras\u00bb, dijo Ruth.<br>Actualmente est\u00e1n a cargo de la tarea, dos mujeres en la producci\u00f3n de panader\u00eda artesanal; pero siempre \u00abtenemos otras compa\u00f1eras que nos dan una mano. Arrancamos trabajando en el merendero del barrio Sol de Misiones, donde hac\u00edamos el pan o algunas masas dulces como pastafrola o bizcochuelos para los chicos y chicas; despu\u00e9s con los recortes que sufrieron los merenderos por parte del Gobierno nacional comenzamos a producir en mayor escala para vender y recaudar fondos para comprar los insumos que nos hac\u00edan falta para no dejar a la gurisada sin la merienda\u00bb, explic\u00f3 Natalia.<br><strong><br>Capacitaci\u00f3n\u00a0y crecimiento\u00a0en el rubro<\/strong><\/p>\n\n\n\n<p>Con el tiempo pudieron adquirir un horno pastelero, y esa iniciativa fue el puntapi\u00e9 para emprender el proyecto de la panader\u00eda que hoy es una realidad. Tambi\u00e9n \u00abgracias a lo que aprendemos en la militancia junto a nuestros compa\u00f1eros y compa\u00f1eras y con nuestro dirigente del Evita, <strong><em>Mart\u00edn Sereno<\/em><\/strong>, candidato\u00a0a diputado\u00a0provincial por el partido\u00a0<strong><em>Tierra, Techo y Trabajo<\/em><\/strong>\u00ab, destacaron.<\/p>\n\n\n\n<p><br>\u00abYa no s\u00f3lo generamos dinero para ayudar al merendero, sino tambi\u00e9n para otras mujeres porque entre todas est\u00e1bamos pasando momentos dif\u00edciles. Y as\u00ed fue que tomamos la decisi\u00f3n de capacitarnos en el rubro, y fuimos creciendo con el emprendimiento de la Panader\u00eda Artesanal\u00bb, contaron Natalia y Ruth.<br>Actualmente el negocio est\u00e1\u00a0ubicado\u00a0en la vivienda de Ruth, de la chacra 122, porque por la situaci\u00f3n\u00a0econ\u00f3mica no pueden alquilar un local propio ni pagar la habilitaci\u00f3n.<\/p>\n\n\n\n<p><br>Por ahora seguir\u00e1n trabajando en esa vivienda, y mientras producen, venden por pedidos a vecinos de la zona y a clientes fijos, que ya conocen la calidad de lo que\u00a0producen.<br>Tambi\u00e9n exponen y comercializan en las ferias del Alimentazo que se hacen en distintos barrios. \u00abDesde ah\u00ed nos ocupamos en generar m\u00e1s ventas, y nos organizamos para que los d\u00edas de producci\u00f3n coordinen con esas jornadas. Y de esa manera abastecemos los pedidos de nuestros clientes y del Alimentazo que es un gran logro de nuestra organizaci\u00f3n, el Movimiento Evita dentro de la Utep\u00bb, manifestaron las trabajadoras de panificaci\u00f3n \u00abArtesanal\u00bb.<\/p>\n","protected":false},"excerpt":{"rendered":"<p>POSADAS. La Panader&iacute;a &laquo;Artesanal&raquo;, funciona en la chacra 122 de Posadas desde hace m&aacute;s de tres a&ntilde;os. Fue creada&nbsp;por un laborioso grupo de mujeres que hicieron realidad el sue&ntilde;o de&hellip; <\/p>\n","protected":false},"author":3,"featured_media":32832,"comment_status":"closed","ping_status":"closed","sticky":false,"template":"","format":"standard","meta":{"_monsterinsights_skip_tracking":false,"_monsterinsights_sitenote_active":false,"_monsterinsights_sitenote_note":"","_monsterinsights_sitenote_category":0},"categories":[3],"tags":[322],"aioseo_notices":[],"_links":{"self":[{"href":"https:\/\/radionewsmisiones.ar\/site\/wp-json\/wp\/v2\/posts\/32830"}],"collection":[{"href":"https:\/\/radionewsmisiones.ar\/site\/wp-json\/wp\/v2\/posts"}],"about":[{"href":"https:\/\/radionewsmisiones.ar\/site\/wp-json\/wp\/v2\/types\/post"}],"author":[{"embeddable":true,"href":"https:\/\/radionewsmisiones.ar\/site\/wp-json\/wp\/v2\/users\/3"}],"replies":[{"embeddable":true,"href":"https:\/\/radionewsmisiones.ar\/site\/wp-json\/wp\/v2\/comments?post=32830"}],"version-history":[{"count":1,"href":"https:\/\/radionewsmisiones.ar\/site\/wp-json\/wp\/v2\/posts\/32830\/revisions"}],"predecessor-version":[{"id":32833,"href":"https:\/\/radionewsmisiones.ar\/site\/wp-json\/wp\/v2\/posts\/32830\/revisions\/32833"}],"wp:featuredmedia":[{"embeddable":true,"href":"https:\/\/radionewsmisiones.ar\/site\/wp-json\/wp\/v2\/media\/32832"}],"wp:attachment":[{"href":"https:\/\/radionewsmisiones.ar\/site\/wp-json\/wp\/v2\/media?parent=32830"}],"wp:term":[{"taxonomy":"category","embeddable":true,"href":"https:\/\/radionewsmisiones.ar\/site\/wp-json\/wp\/v2\/categories?post=32830"},{"taxonomy":"post_tag","embeddable":true,"href":"https:\/\/radionewsmisiones.ar\/site\/wp-json\/wp\/v2\/tags?post=32830"}],"curies":[{"name":"wp","href":"https:\/\/api.w.org\/{rel}","templated":true}]}}