{"id":33041,"date":"2025-05-22T07:36:22","date_gmt":"2025-05-22T10:36:22","guid":{"rendered":"https:\/\/radionewsmisiones.ar\/site\/?p=33041"},"modified":"2025-05-22T07:36:26","modified_gmt":"2025-05-22T10:36:26","slug":"2-de-mayo-comenzo-la-capacitacion-en-el-uso-del-nuevo-sistema-de-trazabilidad-de-la-yerba-mate","status":"publish","type":"post","link":"https:\/\/radionewsmisiones.ar\/site\/provinciales\/2-de-mayo-comenzo-la-capacitacion-en-el-uso-del-nuevo-sistema-de-trazabilidad-de-la-yerba-mate\/","title":{"rendered":"2 de mayo: comenz\u00f3 la capacitaci\u00f3n en el uso del nuevo sistema de trazabilidad de la yerba mate"},"content":{"rendered":"\n<p><em>Con una jornada destinada a t\u00e9cnicos territoriales, el Ministerio del Agro y la Producci\u00f3n puso en marcha el ciclo formativo del Centro de Transacci\u00f3n de la Yerba Mate (CeTYM), la herramienta que moderniza la trazabilidad del sector yerbatero.<\/em><\/p>\n\n\n\n<figure class=\"wp-block-image size-large\"><img loading=\"lazy\" width=\"1024\" height=\"576\" src=\"https:\/\/radionewsmisiones.ar\/site\/wp-content\/uploads\/2025\/05\/WhatsApp-Image-2025-05-21-at-15.21.42-1024x576.jpeg\" alt=\"\" class=\"wp-image-33042\" srcset=\"https:\/\/radionewsmisiones.ar\/site\/wp-content\/uploads\/2025\/05\/WhatsApp-Image-2025-05-21-at-15.21.42-1024x576.jpeg 1024w, https:\/\/radionewsmisiones.ar\/site\/wp-content\/uploads\/2025\/05\/WhatsApp-Image-2025-05-21-at-15.21.42-300x169.jpeg 300w, https:\/\/radionewsmisiones.ar\/site\/wp-content\/uploads\/2025\/05\/WhatsApp-Image-2025-05-21-at-15.21.42-768x432.jpeg 768w, https:\/\/radionewsmisiones.ar\/site\/wp-content\/uploads\/2025\/05\/WhatsApp-Image-2025-05-21-at-15.21.42-1536x864.jpeg 1536w, https:\/\/radionewsmisiones.ar\/site\/wp-content\/uploads\/2025\/05\/WhatsApp-Image-2025-05-21-at-15.21.42.jpeg 1600w\" sizes=\"(max-width: 1024px) 100vw, 1024px\" \/><\/figure>\n\n\n\n<p>Este mi\u00e9rcoles, en la localidad de 2 de Mayo, el Ministerio del Agro y la Producci\u00f3n de Misiones dio inicio a las capacitaciones sobre el funcionamiento del Centro de Transacci\u00f3n de la Yerba Mate (CeTYM), una herramienta digital que moderniza y transparenta el registro de operaciones del sector yerbatero.<\/p>\n\n\n\n<p>Arabela Soler, Directora General de Econom\u00eda Agraria del Ministerio del Agro, destac\u00f3 que \u201c<em>estas capacitaciones son fundamentales para dar a conocer el sistema y otorgarle las herramientas a los t\u00e9cnicos en territorios. CeTYM permite que los beneficiarios accedan sin intermediarios y agilizar distintos tipos de tr\u00e1mites, como la obtenci\u00f3n del certificado de productor primario<\/em>\u201d.<\/p>\n\n\n\n<p>La jornada formativa estuvo dirigida a los t\u00e9cnicos de la cartera agraria que se desempe\u00f1an en territorio, con el objetivo de que luego puedan asesorar a productores, secaderos, industriales y municipios en la implementaci\u00f3n de la plataforma. El CeTYM fue desarrollado por el Ministerio del Agro y la Producci\u00f3n junto con la Agencia Tributaria de Misiones (ATM), y se presenta como una pol\u00edtica p\u00fablica para mejorar la calidad, competitividad y trazabilidad de toda la cadena productiva.<\/p>\n\n\n\n<p>El encuentro cont\u00f3 tambi\u00e9n con la participaci\u00f3n de Luciana Imbrogno, subsecretaria de Desarrollo y Producci\u00f3n Vegetal; Carlos Pereira, subsecretario de Tabaco; Guillermo Reutemann, director del Instituto Misionero del Suelo; e integrantes del equipo t\u00e9cnico y territorial de la cartera agraria. La instancia de capacitaci\u00f3n forma parte de un cronograma de charlas que continuar\u00e1 en los pr\u00f3ximos meses en diferentes localidades productoras de yerba mate.<\/p>\n\n\n\n<p>El ministro Facundo L\u00f3pez Sartori valor\u00f3 el inicio de este ciclo como un paso clave para consolidar el sistema de trazabilidad. Indic\u00f3 adem\u00e1s que el CeTYM \u201c<em>responde a una necesidad urgente del sector yerbatero en un contexto de menor regulaci\u00f3n nacional<\/em>\u201d y reafirm\u00f3 que \u201c<em>el compromiso del gobierno provincial es garantizar mejores condiciones de equidad y previsibilidad para los actores de la cadena<\/em>\u201d.<\/p>\n","protected":false},"excerpt":{"rendered":"<p>Con una jornada destinada a t&eacute;cnicos territoriales, el Ministerio del Agro y la Producci&oacute;n puso en marcha el ciclo formativo del Centro de Transacci&oacute;n de la Yerba Mate (CeTYM), la&hellip; <\/p>\n","protected":false},"author":3,"featured_media":33043,"comment_status":"closed","ping_status":"closed","sticky":false,"template":"","format":"standard","meta":{"_monsterinsights_skip_tracking":false,"_monsterinsights_sitenote_active":false,"_monsterinsights_sitenote_note":"","_monsterinsights_sitenote_category":0},"categories":[3],"tags":[237],"aioseo_notices":[],"_links":{"self":[{"href":"https:\/\/radionewsmisiones.ar\/site\/wp-json\/wp\/v2\/posts\/33041"}],"collection":[{"href":"https:\/\/radionewsmisiones.ar\/site\/wp-json\/wp\/v2\/posts"}],"about":[{"href":"https:\/\/radionewsmisiones.ar\/site\/wp-json\/wp\/v2\/types\/post"}],"author":[{"embeddable":true,"href":"https:\/\/radionewsmisiones.ar\/site\/wp-json\/wp\/v2\/users\/3"}],"replies":[{"embeddable":true,"href":"https:\/\/radionewsmisiones.ar\/site\/wp-json\/wp\/v2\/comments?post=33041"}],"version-history":[{"count":1,"href":"https:\/\/radionewsmisiones.ar\/site\/wp-json\/wp\/v2\/posts\/33041\/revisions"}],"predecessor-version":[{"id":33044,"href":"https:\/\/radionewsmisiones.ar\/site\/wp-json\/wp\/v2\/posts\/33041\/revisions\/33044"}],"wp:featuredmedia":[{"embeddable":true,"href":"https:\/\/radionewsmisiones.ar\/site\/wp-json\/wp\/v2\/media\/33043"}],"wp:attachment":[{"href":"https:\/\/radionewsmisiones.ar\/site\/wp-json\/wp\/v2\/media?parent=33041"}],"wp:term":[{"taxonomy":"category","embeddable":true,"href":"https:\/\/radionewsmisiones.ar\/site\/wp-json\/wp\/v2\/categories?post=33041"},{"taxonomy":"post_tag","embeddable":true,"href":"https:\/\/radionewsmisiones.ar\/site\/wp-json\/wp\/v2\/tags?post=33041"}],"curies":[{"name":"wp","href":"https:\/\/api.w.org\/{rel}","templated":true}]}}