{"id":33045,"date":"2025-05-22T07:37:55","date_gmt":"2025-05-22T10:37:55","guid":{"rendered":"https:\/\/radionewsmisiones.ar\/site\/?p=33045"},"modified":"2025-05-22T07:37:59","modified_gmt":"2025-05-22T10:37:59","slug":"passalacqua-convoco-a-su-gabinete-para-fortalecer-el-vinculo-con-la-ciudadania-misiones-nos-importa","status":"publish","type":"post","link":"https:\/\/radionewsmisiones.ar\/site\/provinciales\/passalacqua-convoco-a-su-gabinete-para-fortalecer-el-vinculo-con-la-ciudadania-misiones-nos-importa\/","title":{"rendered":"Passalacqua convoc\u00f3 a su gabinete para fortalecer el v\u00ednculo con la ciudadan\u00eda: \u201cmisiones nos importa\u201d"},"content":{"rendered":"\n<p>Durante un encuentro con el pleno de su equipo de ministros, titulares de organismos y dependencias, el gobernador Hugo Passalacqua enfatiz\u00f3 la necesidad de redoblar el esfuerzo el contacto directo con la comunidad, agilizar respuestas a demandas sociales y promover el involucramiento de los ciudadanos en las elecciones legislativas provinciales del pr\u00f3ximo 8 de junio.<\/p>\n\n\n\n<figure class=\"wp-block-image size-large\"><img loading=\"lazy\" width=\"1024\" height=\"630\" src=\"https:\/\/radionewsmisiones.ar\/site\/wp-content\/uploads\/2025\/05\/WhatsApp-Image-2025-05-21-at-19.23.02-1024x630.jpeg\" alt=\"\" class=\"wp-image-33046\" srcset=\"https:\/\/radionewsmisiones.ar\/site\/wp-content\/uploads\/2025\/05\/WhatsApp-Image-2025-05-21-at-19.23.02-1024x630.jpeg 1024w, https:\/\/radionewsmisiones.ar\/site\/wp-content\/uploads\/2025\/05\/WhatsApp-Image-2025-05-21-at-19.23.02-300x185.jpeg 300w, https:\/\/radionewsmisiones.ar\/site\/wp-content\/uploads\/2025\/05\/WhatsApp-Image-2025-05-21-at-19.23.02-768x473.jpeg 768w, https:\/\/radionewsmisiones.ar\/site\/wp-content\/uploads\/2025\/05\/WhatsApp-Image-2025-05-21-at-19.23.02-1536x946.jpeg 1536w, https:\/\/radionewsmisiones.ar\/site\/wp-content\/uploads\/2025\/05\/WhatsApp-Image-2025-05-21-at-19.23.02.jpeg 1600w\" sizes=\"(max-width: 1024px) 100vw, 1024px\" \/><\/figure>\n\n\n\n<p> El gobernador Hugo Passalacqua mantuvo una reuni\u00f3n con la totalidad de su Gabinete para establecer lineamientos y acciones de gesti\u00f3n durante la que sostuvo de manera vehemente la necesidad de estar cerca de la gente como eje del trabajo: \u201cNuestro deseo m\u00e1s profundo es la cercan\u00eda m\u00e1s perfecta con la gente\u201d.<\/p>\n\n\n\n<p>Asimismo, reflexion\u00f3 que ese compromiso \u201ces con la democracia, m\u00e1s all\u00e1 de lo electoral. Y ese es un compromiso perenne\u201d. \u201cLa democracia no es gratis\u201d, expres\u00f3 ante la mesa ampliada del Ejecutivo.<\/p>\n\n\n\n<p>Y agreg\u00f3 que la gente de a pie, la gente com\u00fan, est\u00e1 en su vida cotidiana, \u201cy bien que hace. Que los chicos sigan en la escuela, que se puedan comprar los \u00fatiles, que puedan pagar la cuota de la motito, que los caminos est\u00e9n arreglados, no enfermarse; las cosas de la vida. No est\u00e1 pendiente de nosotros, y as\u00ed debe ser\u201d.<\/p>\n\n\n\n<p>Finalmente, consider\u00f3 que encuentros como el llevado a cabo hoy \u201ces una demostraci\u00f3n de mi tesis de que el Estado adem\u00e1s de administrar la justicia, la educaci\u00f3n, la salud, debe dar afecto. Esto \u00faltimo es algo que no est\u00e1 en la Constituci\u00f3n, no dice en ning\u00fan lado que el Estado debe dar afecto. El afecto te cuida, te protege\u201d, afirm\u00f3.<\/p>\n\n\n\n<p>\u201cMisiones nos importa y a todo el gabinete Misiones le importa\u201d, concluy\u00f3.<\/p>\n","protected":false},"excerpt":{"rendered":"<p>Durante un encuentro con el pleno de su equipo de ministros, titulares de organismos y dependencias, el gobernador Hugo Passalacqua enfatiz&oacute; la necesidad de redoblar el esfuerzo el contacto directo&hellip; <\/p>\n","protected":false},"author":3,"featured_media":33047,"comment_status":"closed","ping_status":"closed","sticky":false,"template":"","format":"standard","meta":{"_monsterinsights_skip_tracking":false,"_monsterinsights_sitenote_active":false,"_monsterinsights_sitenote_note":"","_monsterinsights_sitenote_category":0},"categories":[3],"tags":[316],"aioseo_notices":[],"_links":{"self":[{"href":"https:\/\/radionewsmisiones.ar\/site\/wp-json\/wp\/v2\/posts\/33045"}],"collection":[{"href":"https:\/\/radionewsmisiones.ar\/site\/wp-json\/wp\/v2\/posts"}],"about":[{"href":"https:\/\/radionewsmisiones.ar\/site\/wp-json\/wp\/v2\/types\/post"}],"author":[{"embeddable":true,"href":"https:\/\/radionewsmisiones.ar\/site\/wp-json\/wp\/v2\/users\/3"}],"replies":[{"embeddable":true,"href":"https:\/\/radionewsmisiones.ar\/site\/wp-json\/wp\/v2\/comments?post=33045"}],"version-history":[{"count":1,"href":"https:\/\/radionewsmisiones.ar\/site\/wp-json\/wp\/v2\/posts\/33045\/revisions"}],"predecessor-version":[{"id":33048,"href":"https:\/\/radionewsmisiones.ar\/site\/wp-json\/wp\/v2\/posts\/33045\/revisions\/33048"}],"wp:featuredmedia":[{"embeddable":true,"href":"https:\/\/radionewsmisiones.ar\/site\/wp-json\/wp\/v2\/media\/33047"}],"wp:attachment":[{"href":"https:\/\/radionewsmisiones.ar\/site\/wp-json\/wp\/v2\/media?parent=33045"}],"wp:term":[{"taxonomy":"category","embeddable":true,"href":"https:\/\/radionewsmisiones.ar\/site\/wp-json\/wp\/v2\/categories?post=33045"},{"taxonomy":"post_tag","embeddable":true,"href":"https:\/\/radionewsmisiones.ar\/site\/wp-json\/wp\/v2\/tags?post=33045"}],"curies":[{"name":"wp","href":"https:\/\/api.w.org\/{rel}","templated":true}]}}