{"id":33049,"date":"2025-05-22T07:42:16","date_gmt":"2025-05-22T10:42:16","guid":{"rendered":"https:\/\/radionewsmisiones.ar\/site\/?p=33049"},"modified":"2025-05-22T07:42:20","modified_gmt":"2025-05-22T10:42:20","slug":"con-agenda-ampliada-se-lanzo-la-feria-del-libro-2025","status":"publish","type":"post","link":"https:\/\/radionewsmisiones.ar\/site\/provinciales\/con-agenda-ampliada-se-lanzo-la-feria-del-libro-2025\/","title":{"rendered":"Con agenda ampliada se lanz\u00f3 la Feria del Libro 2025"},"content":{"rendered":"\n<p>Del 29 de mayo al 1 de junio, el cuarto tramo de la Costanera ser\u00e1 nuevamente el escenario de la Feria del Libro de Posadas, con invitados especiales como Bernardo Stamateas, la escritora Graciela Bialet y el reconocido narrador oral y director teatral Claudio Ledesma.<\/p>\n\n\n\n<figure class=\"wp-block-image size-large\"><img loading=\"lazy\" width=\"1024\" height=\"687\" src=\"https:\/\/radionewsmisiones.ar\/site\/wp-content\/uploads\/2025\/05\/WhatsApp-Image-2025-05-21-at-13.03.17-1024x687.jpeg\" alt=\"\" class=\"wp-image-33050\" srcset=\"https:\/\/radionewsmisiones.ar\/site\/wp-content\/uploads\/2025\/05\/WhatsApp-Image-2025-05-21-at-13.03.17-1024x687.jpeg 1024w, https:\/\/radionewsmisiones.ar\/site\/wp-content\/uploads\/2025\/05\/WhatsApp-Image-2025-05-21-at-13.03.17-300x201.jpeg 300w, https:\/\/radionewsmisiones.ar\/site\/wp-content\/uploads\/2025\/05\/WhatsApp-Image-2025-05-21-at-13.03.17-768x516.jpeg 768w, https:\/\/radionewsmisiones.ar\/site\/wp-content\/uploads\/2025\/05\/WhatsApp-Image-2025-05-21-at-13.03.17-1536x1031.jpeg 1536w, https:\/\/radionewsmisiones.ar\/site\/wp-content\/uploads\/2025\/05\/WhatsApp-Image-2025-05-21-at-13.03.17.jpeg 1600w\" sizes=\"(max-width: 1024px) 100vw, 1024px\" \/><\/figure>\n\n\n\n<p>Este mi\u00e9rcoles 21 de mayo, en el Centro Multicultural de la Costanera, se lanz\u00f3 oficialmente la edici\u00f3n 2025 de la Feria del Libro \u201cCultura en Letras\u201d. Participaron autoridades municipales, el ministro de Cultura Joselo Schuap, la presidenta de la Sociedad Argentina de Escritores filial Misiones, Numy Silva, entre otras autoridades.<\/p>\n\n\n\n<p>La propuesta, que se consolida como un espacio cultural de referencia en la regi\u00f3n, combina charlas con autores reconocidos, espect\u00e1culos art\u00edsticos, talleres, ferias editoriales, espacios de juego y reflexi\u00f3n para las infancias, caf\u00e9 literario y mucho m\u00e1s.<\/p>\n\n\n\n<p>En un contexto donde lo inmediato suele predominar, eventos como este emergen como un espacio para detenerse, tocar un libro, leer, aprender, debatir y reconectar con lo esencial.<\/p>\n\n\n\n<p>Mariela Dachary, secretaria de Cultura y Turismo de la Municipalidad de Posadas, expres\u00f3 su benepl\u00e1cito por \u201cpoder llevar adelante una nueva edici\u00f3n de la Feria del Libro, con una propuesta heterog\u00e9nea que incorpora nuevos espacios como el Caf\u00e9 Literario o el sector para las infancias, adem\u00e1s de sumar la participaci\u00f3n de bibliotecas populares e instituciones de la regi\u00f3n\u201d.<\/p>\n\n\n\n<p>Invitados destacados y una programaci\u00f3n para todos los p\u00fablicos<\/p>\n\n\n\n<p>La edici\u00f3n 2025 propone una agenda diversa que re\u00fane a figuras de reconocida trayectoria en los \u00e1mbitos literario, educativo y del desarrollo personal.<\/p>\n\n\n\n<p>El jueves 29 de mayo, el psic\u00f3logo y sex\u00f3logo cl\u00ednico Bernardo Stamateas brindar\u00e1 la charla \u201cC\u00f3mo tener una vida nutritiva\u201d, una propuesta motivacional abierta al p\u00fablico general, que se realizar\u00e1 a las 17 h en el Teatrino del Cuarto Tramo de la Costanera.<\/p>\n\n\n\n<p>El viernes 30, la escritora Graciela Bialet presentar\u00e1 el conversatorio \u201cUn recorrido por la literatura escrita y tambi\u00e9n le\u00edda por la autora\u201d, con narraciones, im\u00e1genes y di\u00e1logo con el p\u00fablico. La actividad est\u00e1 dirigida a estudiantes y docentes de nivel primario y secundario, con dos encuentros programados (a las 8 y a las 15 h) en el espacio Rinc\u00f3n del Conocimiento.<\/p>\n\n\n\n<p>Por su parte, el reconocido narrador oral y director teatral Claudio Ledesma ofrecer\u00e1 dos espect\u00e1culos dirigidos a las infancias y al p\u00fablico en general: el s\u00e1bado 31 de mayo presentar\u00e1 \u201cHistorias chiquitas\u201d, basado en cuentos infantiles y juveniles de autores latinoamericanos; y el domingo 1.\u00ba de junio cerrar\u00e1 su participaci\u00f3n con \u201cDesde el hab\u00eda una vez hasta el color\u00edn colorado\u201d.<\/p>\n\n\n\n<p>Tambi\u00e9n participar\u00e1n escritores de Misiones, Corrientes y Paraguay, junto con referentes del \u00e1mbito educativo. \u201cEl segundo d\u00eda nos va a acompa\u00f1ar Griselda Bialet, muy le\u00edda en las escuelas, y tambi\u00e9n tendremos talleres sobre tem\u00e1ticas actuales como liderazgo, autismo, deporte y proyectos de vida\u201d, destac\u00f3 Tania Rodr\u00edguez, directora general de Educaci\u00f3n, Ciencia y Tecnolog\u00eda del municipio.<\/p>\n\n\n\n<p>Desde el sector editorial, la Feria del Libro se posiciona como un evento cultural que articula herramientas concretas para ampliar el acceso a la lectura y fortalecer el ecosistema literario local. As\u00ed lo expres\u00f3 Lionel Dahir, gerente de la Uni\u00f3n Cultural del Libro y de la editorial Beeme.<\/p>\n\n\n\n<p>\u201cEste tipo de eventos le hace muy bien a la ciudad. Impulsan la visibilidad de los escritores misioneros y democratizan el acceso al libro\u201d, afirm\u00f3. En ese sentido, subray\u00f3 que uno de los objetivos centrales es que las familias puedan acceder a libros sin que el presupuesto sea una barrera.<\/p>\n","protected":false},"excerpt":{"rendered":"<p>Del 29 de mayo al 1 de junio, el cuarto tramo de la Costanera ser&aacute; nuevamente el escenario de la Feria del Libro de Posadas, con invitados especiales como Bernardo&hellip; <\/p>\n","protected":false},"author":3,"featured_media":33051,"comment_status":"closed","ping_status":"closed","sticky":false,"template":"","format":"standard","meta":{"_monsterinsights_skip_tracking":false,"_monsterinsights_sitenote_active":false,"_monsterinsights_sitenote_note":"","_monsterinsights_sitenote_category":0},"categories":[3],"tags":[22],"aioseo_notices":[],"_links":{"self":[{"href":"https:\/\/radionewsmisiones.ar\/site\/wp-json\/wp\/v2\/posts\/33049"}],"collection":[{"href":"https:\/\/radionewsmisiones.ar\/site\/wp-json\/wp\/v2\/posts"}],"about":[{"href":"https:\/\/radionewsmisiones.ar\/site\/wp-json\/wp\/v2\/types\/post"}],"author":[{"embeddable":true,"href":"https:\/\/radionewsmisiones.ar\/site\/wp-json\/wp\/v2\/users\/3"}],"replies":[{"embeddable":true,"href":"https:\/\/radionewsmisiones.ar\/site\/wp-json\/wp\/v2\/comments?post=33049"}],"version-history":[{"count":1,"href":"https:\/\/radionewsmisiones.ar\/site\/wp-json\/wp\/v2\/posts\/33049\/revisions"}],"predecessor-version":[{"id":33052,"href":"https:\/\/radionewsmisiones.ar\/site\/wp-json\/wp\/v2\/posts\/33049\/revisions\/33052"}],"wp:featuredmedia":[{"embeddable":true,"href":"https:\/\/radionewsmisiones.ar\/site\/wp-json\/wp\/v2\/media\/33051"}],"wp:attachment":[{"href":"https:\/\/radionewsmisiones.ar\/site\/wp-json\/wp\/v2\/media?parent=33049"}],"wp:term":[{"taxonomy":"category","embeddable":true,"href":"https:\/\/radionewsmisiones.ar\/site\/wp-json\/wp\/v2\/categories?post=33049"},{"taxonomy":"post_tag","embeddable":true,"href":"https:\/\/radionewsmisiones.ar\/site\/wp-json\/wp\/v2\/tags?post=33049"}],"curies":[{"name":"wp","href":"https:\/\/api.w.org\/{rel}","templated":true}]}}