{"id":33056,"date":"2025-05-22T09:34:34","date_gmt":"2025-05-22T12:34:34","guid":{"rendered":"https:\/\/radionewsmisiones.ar\/site\/?p=33056"},"modified":"2025-05-22T09:34:58","modified_gmt":"2025-05-22T12:34:58","slug":"se-viene-el-ahora-pymes-para-potenciar-las-ventas-entre-comercios-y-empresas-misioneras%ef%bf%bc","status":"publish","type":"post","link":"https:\/\/radionewsmisiones.ar\/site\/provinciales\/se-viene-el-ahora-pymes-para-potenciar-las-ventas-entre-comercios-y-empresas-misioneras%ef%bf%bc\/","title":{"rendered":"Se viene el Ahora Pymes para potenciar las ventas entre comercios y empresas misioneras\ufffc"},"content":{"rendered":"\n<p>Tal como hab\u00eda anticipado en su discurso del 1\u00b0 de Mayo en la apertura de las sesiones legislativas, el gobernador Hugo Passalcqua inform\u00f3 sobre el lanzamiento del programa provincial Ahora PyMES, una herramienta de incentivo para fortalecer el comercio interno entre micro, peque\u00f1as y medianas empresas misioneras.<\/p>\n\n\n\n<figure class=\"wp-block-image size-large\"><img loading=\"lazy\" width=\"1024\" height=\"768\" src=\"https:\/\/radionewsmisiones.ar\/site\/wp-content\/uploads\/2025\/05\/499674489_1216668146913853_6526063902408364826_n-1024x768.jpg\" alt=\"\" class=\"wp-image-33057\" srcset=\"https:\/\/radionewsmisiones.ar\/site\/wp-content\/uploads\/2025\/05\/499674489_1216668146913853_6526063902408364826_n-1024x768.jpg 1024w, https:\/\/radionewsmisiones.ar\/site\/wp-content\/uploads\/2025\/05\/499674489_1216668146913853_6526063902408364826_n-300x225.jpg 300w, https:\/\/radionewsmisiones.ar\/site\/wp-content\/uploads\/2025\/05\/499674489_1216668146913853_6526063902408364826_n-768x576.jpg 768w, https:\/\/radionewsmisiones.ar\/site\/wp-content\/uploads\/2025\/05\/499674489_1216668146913853_6526063902408364826_n.jpg 1080w\" sizes=\"(max-width: 1024px) 100vw, 1024px\" \/><\/figure>\n\n\n\n<p>Durante el mes de julio, todos los viernes las empresas y proyectos que cuenten con tarjetas de cr\u00e9dito Visa Business de Banco Macro podr\u00e1n financiar operaciones mensuales por hasta $10 millones de pesos en 12 cuotas sin inter\u00e9s realizando compras en las empresas adheridas al programa Ahora PyMEs.<\/p>\n\n\n\n<p>En principio el programa estar\u00e1 vigente hasta el 31 de julio e incluir\u00e1 los rubros de muebles, electrodom\u00e9sticos, neum\u00e1ticos, librer\u00edas, envases, computadoras, tablets y celulares, indumentaria, blanquer\u00eda, bazar y calzado. Las empresas y comercios que deseen adherirse deber\u00e1n ser Responsables Inscriptos y contar con el correspondiente Certificado MiPyME para las actividades comprendidas. El costo financiero de las operaciones realizadas ser\u00e1 absorbido en mayor medida por la Provincia y el Banco, mientras que las empresas y comercios adheridos solamente deber\u00e1n cubrir el 5%. Para participar, deber\u00e1n solicitar inscribirse a trav\u00e9s del sitio <a href=\"https:\/\/l.facebook.com\/l.php?u=http%3A%2F%2Fahora.misiones.gob.ar%2F%3Ffbclid%3DIwZXh0bgNhZW0CMTAAYnJpZBExdVg0d0xDYkt6OHZpUnZ0WQEen_dknNkdnFptGczURVAYnfGFNTLNI3Tekm8ssk6h4DeF0rTsT5u4G6YMfl4_aem_tYMgjuWBAcexERMNGyGfAQ&amp;h=AT0ltCM1YNrwm301-2tSWhpiHmoe9l-Hou1QQKoupP6U4Pwj4lT5Cum9JiOxfLVgh3FEyredXcu641OSGsAryEP8DqV7lrmbN0Pf9Rqbo_x7I306ZTBb1ImkgpObyVf2-DoEyd3cl3ginf2eCm3IMbo1j6OerhUE&amp;__tn__=-UK-R&amp;c[0]=AT0uLoUtsfWqj5iGsfKeJlfuUtaC0a6qhV004uEceVXj7MnidSkOMW7F8lCTCRKk6jUtOYC_6gsHdTvL4ow0zjGFU4V4t_Z8V9ZKSRUQEY0ebp2qL1QkYN70o686f74R7W_k1IewdrqEMDiyyYMrIf1PUY8FYhkQM631DRqgVYd8DBMognyAUXKPhn1zOU6Qo14qz2G72754NzVxY74qRDkE2nhK\" rel=\"noreferrer noopener\" target=\"_blank\">ahora.misiones.gob.ar.<\/a> Las empresas que lo hagan hasta el 16 de junio comenzar\u00e1n a participar del programa a partir del primer viernes de julio.<\/p>\n\n\n\n<figure class=\"wp-block-image size-large\"><img loading=\"lazy\" width=\"819\" height=\"1024\" src=\"https:\/\/radionewsmisiones.ar\/site\/wp-content\/uploads\/2025\/05\/499544026_1216668143580520_1769500491268898605_n-819x1024.jpg\" alt=\"\" class=\"wp-image-33058\" srcset=\"https:\/\/radionewsmisiones.ar\/site\/wp-content\/uploads\/2025\/05\/499544026_1216668143580520_1769500491268898605_n-819x1024.jpg 819w, https:\/\/radionewsmisiones.ar\/site\/wp-content\/uploads\/2025\/05\/499544026_1216668143580520_1769500491268898605_n-240x300.jpg 240w, https:\/\/radionewsmisiones.ar\/site\/wp-content\/uploads\/2025\/05\/499544026_1216668143580520_1769500491268898605_n-768x960.jpg 768w, https:\/\/radionewsmisiones.ar\/site\/wp-content\/uploads\/2025\/05\/499544026_1216668143580520_1769500491268898605_n.jpg 1080w\" sizes=\"(max-width: 819px) 100vw, 819px\" \/><\/figure>\n\n\n\n<p>Quiero destacar que la implementaci\u00f3n de esta medida de fomento de la producci\u00f3n y el empleo provincial, que fue tomando impulso en las distintas reuniones que mantuvimos con las c\u00e1maras de comercio y empresariales, servir\u00e1 para volver m\u00e1s competitivos a los proveedores misioneros frente a opciones radicadas en otras jurisdicciones.<\/p>\n\n\n\n<p>Este programa busca as\u00ed incentivar el comercio entre empresas y proyectos de Misiones, en lugar de la compra a empresas en otras provincias.<\/p>\n","protected":false},"excerpt":{"rendered":"<p>Tal como hab&iacute;a anticipado en su discurso del 1&deg; de Mayo en la apertura de las sesiones legislativas, el gobernador Hugo Passalcqua inform&oacute; sobre el lanzamiento del programa provincial Ahora&hellip; <\/p>\n","protected":false},"author":3,"featured_media":33058,"comment_status":"closed","ping_status":"closed","sticky":false,"template":"","format":"standard","meta":{"_monsterinsights_skip_tracking":false,"_monsterinsights_sitenote_active":false,"_monsterinsights_sitenote_note":"","_monsterinsights_sitenote_category":0},"categories":[3],"tags":[263],"aioseo_notices":[],"_links":{"self":[{"href":"https:\/\/radionewsmisiones.ar\/site\/wp-json\/wp\/v2\/posts\/33056"}],"collection":[{"href":"https:\/\/radionewsmisiones.ar\/site\/wp-json\/wp\/v2\/posts"}],"about":[{"href":"https:\/\/radionewsmisiones.ar\/site\/wp-json\/wp\/v2\/types\/post"}],"author":[{"embeddable":true,"href":"https:\/\/radionewsmisiones.ar\/site\/wp-json\/wp\/v2\/users\/3"}],"replies":[{"embeddable":true,"href":"https:\/\/radionewsmisiones.ar\/site\/wp-json\/wp\/v2\/comments?post=33056"}],"version-history":[{"count":1,"href":"https:\/\/radionewsmisiones.ar\/site\/wp-json\/wp\/v2\/posts\/33056\/revisions"}],"predecessor-version":[{"id":33059,"href":"https:\/\/radionewsmisiones.ar\/site\/wp-json\/wp\/v2\/posts\/33056\/revisions\/33059"}],"wp:featuredmedia":[{"embeddable":true,"href":"https:\/\/radionewsmisiones.ar\/site\/wp-json\/wp\/v2\/media\/33058"}],"wp:attachment":[{"href":"https:\/\/radionewsmisiones.ar\/site\/wp-json\/wp\/v2\/media?parent=33056"}],"wp:term":[{"taxonomy":"category","embeddable":true,"href":"https:\/\/radionewsmisiones.ar\/site\/wp-json\/wp\/v2\/categories?post=33056"},{"taxonomy":"post_tag","embeddable":true,"href":"https:\/\/radionewsmisiones.ar\/site\/wp-json\/wp\/v2\/tags?post=33056"}],"curies":[{"name":"wp","href":"https:\/\/api.w.org\/{rel}","templated":true}]}}