{"id":33060,"date":"2025-05-22T10:18:23","date_gmt":"2025-05-22T13:18:23","guid":{"rendered":"https:\/\/radionewsmisiones.ar\/site\/?p=33060"},"modified":"2025-05-22T10:18:53","modified_gmt":"2025-05-22T13:18:53","slug":"candidatos-a-diputados-ya-fueron-invitados-para-participar-del-unico-foro-que-propicia-el-dialogo-con-productores","status":"publish","type":"post","link":"https:\/\/radionewsmisiones.ar\/site\/provinciales\/candidatos-a-diputados-ya-fueron-invitados-para-participar-del-unico-foro-que-propicia-el-dialogo-con-productores\/","title":{"rendered":"Candidatos a Diputados ya fueron invitados para participar del \u00fanico FORO que propicia el di\u00e1logo con productores"},"content":{"rendered":"\n<p>Andresito, 16 de mayo de 2025 (Prensa FARM) | El Ing. Sebasti\u00e1n Mac\u00edas, del FRENTE RENOVADOR DE LA CONCORDIA; el Dr. Mart\u00edn Arjol del frente LIBERTARIO; el Dr. Santiago Koch, del FRENTE UNIDOS POR EL FUTURO; el empresario Diego Hartfield, de LA LIBERTAD AVANZA; y el dirigente H\u00e9ctor \u201cCacho\u201d B\u00e1rbaro, del frente AGRARIO Y SOCIAL, recibieron sendas invitaciones personalizadas para participar del pr\u00f3ximo<br>FARM FORUM, el \u00fanico espacio que propicia el di\u00e1logo entre la pol\u00edtica y el campo en Misiones.<\/p>\n\n\n\n<figure class=\"wp-block-image size-large\"><img loading=\"lazy\" width=\"1024\" height=\"682\" src=\"https:\/\/radionewsmisiones.ar\/site\/wp-content\/uploads\/2025\/05\/1000787835-1024x682.jpg\" alt=\"\" class=\"wp-image-33061\" srcset=\"https:\/\/radionewsmisiones.ar\/site\/wp-content\/uploads\/2025\/05\/1000787835-1024x682.jpg 1024w, https:\/\/radionewsmisiones.ar\/site\/wp-content\/uploads\/2025\/05\/1000787835-300x200.jpg 300w, https:\/\/radionewsmisiones.ar\/site\/wp-content\/uploads\/2025\/05\/1000787835-768x512.jpg 768w, https:\/\/radionewsmisiones.ar\/site\/wp-content\/uploads\/2025\/05\/1000787835.jpg 1280w\" sizes=\"(max-width: 1024px) 100vw, 1024px\" \/><\/figure>\n\n\n\n<p><br>La Federaci\u00f3n de Asociaciones Rurales de Misiones (FARM) realizar\u00e1 el jueves 29 de mayo una nueva edici\u00f3n del coloquio de pol\u00edticas agropecuarias para pensar el rol del Estado en contextos rurales, con el objetivo de facilitar a las distintas fuerzas mayoritarias de un espacio de reflexi\u00f3n, dar a conocer las plataformas de gesti\u00f3n y los equipos t\u00e9cnicos de los Frentes, y optimizar el di\u00e1logo de cara a las elecciones legislativas del 8 de junio.<\/p>\n\n\n\n<p><br>El programa prev\u00e9 la participaci\u00f3n de autoridades del Gobierno de Misiones, tanto para dar inicio como al cierre del Encuentro que contar\u00e1 con la Disertaci\u00f3n Especial de la polit\u00f3loga Lic. Milva Carlino, quien ofrecer\u00e1 un Panorama Pol\u00edtico a una audiencia que estar\u00e1 constituida fundamentalmente por referentes de las distintas econom\u00edas sist\u00e9micas de Misiones, en tanto productores, dirigentes, profesionales y empresarios.<\/p>\n\n\n\n<p><br>El FARM FORUM se realizar\u00e1 de 9 a 13 horas en el Sal\u00f3n Eva Per\u00f3n del Centro de Convenciones del Parque del Conocimiento de Posadas, abierto al p\u00fablico, libre y gratuito.<\/p>\n","protected":false},"excerpt":{"rendered":"<p>Andresito, 16 de mayo de 2025 (Prensa FARM) | El Ing. Sebasti&aacute;n Mac&iacute;as, del FRENTE RENOVADOR DE LA CONCORDIA; el Dr. Mart&iacute;n Arjol del frente LIBERTARIO; el Dr. Santiago Koch,&hellip; <\/p>\n","protected":false},"author":3,"featured_media":33062,"comment_status":"closed","ping_status":"closed","sticky":false,"template":"","format":"standard","meta":{"_monsterinsights_skip_tracking":false,"_monsterinsights_sitenote_active":false,"_monsterinsights_sitenote_note":"","_monsterinsights_sitenote_category":0},"categories":[3],"tags":[830],"aioseo_notices":[],"_links":{"self":[{"href":"https:\/\/radionewsmisiones.ar\/site\/wp-json\/wp\/v2\/posts\/33060"}],"collection":[{"href":"https:\/\/radionewsmisiones.ar\/site\/wp-json\/wp\/v2\/posts"}],"about":[{"href":"https:\/\/radionewsmisiones.ar\/site\/wp-json\/wp\/v2\/types\/post"}],"author":[{"embeddable":true,"href":"https:\/\/radionewsmisiones.ar\/site\/wp-json\/wp\/v2\/users\/3"}],"replies":[{"embeddable":true,"href":"https:\/\/radionewsmisiones.ar\/site\/wp-json\/wp\/v2\/comments?post=33060"}],"version-history":[{"count":1,"href":"https:\/\/radionewsmisiones.ar\/site\/wp-json\/wp\/v2\/posts\/33060\/revisions"}],"predecessor-version":[{"id":33063,"href":"https:\/\/radionewsmisiones.ar\/site\/wp-json\/wp\/v2\/posts\/33060\/revisions\/33063"}],"wp:featuredmedia":[{"embeddable":true,"href":"https:\/\/radionewsmisiones.ar\/site\/wp-json\/wp\/v2\/media\/33062"}],"wp:attachment":[{"href":"https:\/\/radionewsmisiones.ar\/site\/wp-json\/wp\/v2\/media?parent=33060"}],"wp:term":[{"taxonomy":"category","embeddable":true,"href":"https:\/\/radionewsmisiones.ar\/site\/wp-json\/wp\/v2\/categories?post=33060"},{"taxonomy":"post_tag","embeddable":true,"href":"https:\/\/radionewsmisiones.ar\/site\/wp-json\/wp\/v2\/tags?post=33060"}],"curies":[{"name":"wp","href":"https:\/\/api.w.org\/{rel}","templated":true}]}}