{"id":33064,"date":"2025-05-22T10:19:43","date_gmt":"2025-05-22T13:19:43","guid":{"rendered":"https:\/\/radionewsmisiones.ar\/site\/?p=33064"},"modified":"2025-05-22T10:19:56","modified_gmt":"2025-05-22T13:19:56","slug":"misiones-fortalece-su-compromiso-con-el-ecoturismo-internacional-en-la-feria-avistar-brasil","status":"publish","type":"post","link":"https:\/\/radionewsmisiones.ar\/site\/provinciales\/misiones-fortalece-su-compromiso-con-el-ecoturismo-internacional-en-la-feria-avistar-brasil\/","title":{"rendered":"Misiones fortalece su compromiso con el ecoturismo internacional en la Feria Avistar Brasil"},"content":{"rendered":"\n<p>La provincia particip\u00f3 del evento de observaci\u00f3n de naturaleza m\u00e1s importante de Am\u00e9rica Latina y firm\u00f3 una carta de intenci\u00f3n para formar parte del Foro Internacional de Observaci\u00f3n de Vida Silvestre, consolidando su liderazgo regional en turismo sostenible y conservaci\u00f3n.<\/p>\n\n\n\n<figure class=\"wp-block-image size-large\"><img loading=\"lazy\" width=\"1024\" height=\"576\" src=\"https:\/\/radionewsmisiones.ar\/site\/wp-content\/uploads\/2025\/05\/WhatsApp-Image-2025-05-22-at-09.58.51-1024x576.jpeg\" alt=\"\" class=\"wp-image-33065\" srcset=\"https:\/\/radionewsmisiones.ar\/site\/wp-content\/uploads\/2025\/05\/WhatsApp-Image-2025-05-22-at-09.58.51-1024x576.jpeg 1024w, https:\/\/radionewsmisiones.ar\/site\/wp-content\/uploads\/2025\/05\/WhatsApp-Image-2025-05-22-at-09.58.51-300x169.jpeg 300w, https:\/\/radionewsmisiones.ar\/site\/wp-content\/uploads\/2025\/05\/WhatsApp-Image-2025-05-22-at-09.58.51-768x432.jpeg 768w, https:\/\/radionewsmisiones.ar\/site\/wp-content\/uploads\/2025\/05\/WhatsApp-Image-2025-05-22-at-09.58.51-1536x864.jpeg 1536w, https:\/\/radionewsmisiones.ar\/site\/wp-content\/uploads\/2025\/05\/WhatsApp-Image-2025-05-22-at-09.58.51.jpeg 1600w\" sizes=\"(max-width: 1024px) 100vw, 1024px\" \/><\/figure>\n\n\n\n<p>Del 16 al 18 de mayo, el Ministerio de Turismo de Misiones form\u00f3 parte de la Feria Avistar Brasil 2025, el encuentro de observaci\u00f3n de la naturaleza m\u00e1s destacado de Am\u00e9rica Latina, realizado en el Jard\u00edn Bot\u00e1nico de S\u00e3o Paulo. En este marco, firm\u00f3 una carta de intenci\u00f3n de cooperaci\u00f3n t\u00e9cnica para integrar el Foro Internacional de Observaci\u00f3n de Vida Silvestre, un espacio estrat\u00e9gico de articulaci\u00f3n entre gobiernos, regiones y entidades de toda la regi\u00f3n que promueve el desarrollo de destinos tur\u00edsticos sostenibles y biodiversos.<\/p>\n\n\n\n<p>Con m\u00e1s de 130 expositores y 12.000 visitantes, la Feria Avistar re\u00fane a\u00f1o a a\u00f1o a organismos gubernamentales, ONGs, gu\u00edas de naturaleza, medios especializados, operadores tur\u00edsticos y representantes del sector privado.<\/p>\n\n\n\n<p>En este marco, la presencia de la tierra colorada fue canalizada a trav\u00e9s de la Subsecretar\u00eda de Ecoturismo y Promoci\u00f3n de Actividades Econ\u00f3micas Ambientales Sustentables, a cargo de Liza Carlzon, quien particip\u00f3 de la ponencia \u201cEcoturismo en Misiones: Naturaleza y Sostenibilidad\u201d, en el foro TOVS, correspondiente al Foro de Observaci\u00f3n de Vida Silvestre.<\/p>\n\n\n\n<p>Durante la feria, la provincia comparti\u00f3 su experiencia en el desarrollo de propuestas de turismo de naturaleza con enfoque en la conservaci\u00f3n, y present\u00f3 los avances del programa Ruta de las Aves de Misiones (RAM), una iniciativa que busca potenciar el avistaje de aves como una herramienta para diversificar la oferta tur\u00edstica, al tiempo que contribuye al cuidado de los ecosistemas.<\/p>\n\n\n\n<p>Por otra parte, la firma de la Carta de Intenci\u00f3n de Cooperaci\u00f3n T\u00e9cnica represent\u00f3 un paso importante para la integraci\u00f3n de Misiones al Foro Internacional de Observaci\u00f3n de Vida Silvestre, que tiene como objetivo establecer estrategias conjuntas de promoci\u00f3n, comercializaci\u00f3n, capacitaci\u00f3n y sostenibilidad entre pa\u00edses de Am\u00e9rica Latina. El documento propone acciones concretas, como el desarrollo de campa\u00f1as regionales, capacitaciones para gu\u00edas y prestadores de servicios, y el intercambio de informaci\u00f3n relevante para la toma de decisiones en el sector.<\/p>\n\n\n\n<p>Misiones alberga el 52% de la biodiversidad de Argentina y cuenta con 564 especies de aves registradas, lo que la convierte en uno de los destinos predilectos para observadores de aves de todo el mundo. Seg\u00fan estudios recientes, casi el 80% de los visitantes elige a la tierra colorada por su entorno natural, lo que refuerza la importancia de consolidar un modelo tur\u00edstico que equilibre desarrollo econ\u00f3mico y conservaci\u00f3n ambiental.<\/p>\n\n\n\n<p>La participaci\u00f3n en Avistar Brasil refuerza la estrategia de la provincia de internacionalizar su oferta ecotur\u00edstica, tejiendo redes de cooperaci\u00f3n que abran nuevos mercados, promuevan buenas pr\u00e1cticas y posicionen a Misiones como una puerta de entrada al turismo sostenible.<\/p>\n","protected":false},"excerpt":{"rendered":"<p>La provincia particip&oacute; del evento de observaci&oacute;n de naturaleza m&aacute;s importante de Am&eacute;rica Latina y firm&oacute; una carta de intenci&oacute;n para formar parte del Foro Internacional de Observaci&oacute;n de Vida&hellip; <\/p>\n","protected":false},"author":3,"featured_media":33066,"comment_status":"closed","ping_status":"closed","sticky":false,"template":"","format":"standard","meta":{"_monsterinsights_skip_tracking":false,"_monsterinsights_sitenote_active":false,"_monsterinsights_sitenote_note":"","_monsterinsights_sitenote_category":0},"categories":[3],"tags":[18],"aioseo_notices":[],"_links":{"self":[{"href":"https:\/\/radionewsmisiones.ar\/site\/wp-json\/wp\/v2\/posts\/33064"}],"collection":[{"href":"https:\/\/radionewsmisiones.ar\/site\/wp-json\/wp\/v2\/posts"}],"about":[{"href":"https:\/\/radionewsmisiones.ar\/site\/wp-json\/wp\/v2\/types\/post"}],"author":[{"embeddable":true,"href":"https:\/\/radionewsmisiones.ar\/site\/wp-json\/wp\/v2\/users\/3"}],"replies":[{"embeddable":true,"href":"https:\/\/radionewsmisiones.ar\/site\/wp-json\/wp\/v2\/comments?post=33064"}],"version-history":[{"count":1,"href":"https:\/\/radionewsmisiones.ar\/site\/wp-json\/wp\/v2\/posts\/33064\/revisions"}],"predecessor-version":[{"id":33067,"href":"https:\/\/radionewsmisiones.ar\/site\/wp-json\/wp\/v2\/posts\/33064\/revisions\/33067"}],"wp:featuredmedia":[{"embeddable":true,"href":"https:\/\/radionewsmisiones.ar\/site\/wp-json\/wp\/v2\/media\/33066"}],"wp:attachment":[{"href":"https:\/\/radionewsmisiones.ar\/site\/wp-json\/wp\/v2\/media?parent=33064"}],"wp:term":[{"taxonomy":"category","embeddable":true,"href":"https:\/\/radionewsmisiones.ar\/site\/wp-json\/wp\/v2\/categories?post=33064"},{"taxonomy":"post_tag","embeddable":true,"href":"https:\/\/radionewsmisiones.ar\/site\/wp-json\/wp\/v2\/tags?post=33064"}],"curies":[{"name":"wp","href":"https:\/\/api.w.org\/{rel}","templated":true}]}}