{"id":33068,"date":"2025-05-22T10:22:58","date_gmt":"2025-05-22T13:22:58","guid":{"rendered":"https:\/\/radionewsmisiones.ar\/site\/?p=33068"},"modified":"2025-05-22T10:23:03","modified_gmt":"2025-05-22T13:23:03","slug":"con-gran-participacion-vecinal-se-realizo-la-jornada-en-familia-organizado-por-el-sublema-encuentro-por-mi-ciudad-en-la-chacra-102","status":"publish","type":"post","link":"https:\/\/radionewsmisiones.ar\/site\/provinciales\/con-gran-participacion-vecinal-se-realizo-la-jornada-en-familia-organizado-por-el-sublema-encuentro-por-mi-ciudad-en-la-chacra-102\/","title":{"rendered":"Con gran participaci\u00f3n vecinal, se realiz\u00f3 la Jornada en Familia organizado por el sublema \u201cEncuentro por mi Ciudad\u201d en la Chacra 102"},"content":{"rendered":"\n<p>Con una destacada participaci\u00f3n de vecinos y vecinas, se llev\u00f3 a cabo la Jornada en Familia en la Chacra 102, con el objetivo de seguir fortaleciendo los lazos comunitarios, acercando servicios esenciales, promoviendo la participaci\u00f3n ciudadana desde una mirada inclusiva y territorial.<\/p>\n\n\n\n<figure class=\"wp-block-image size-large\"><img loading=\"lazy\" width=\"1024\" height=\"576\" src=\"https:\/\/radionewsmisiones.ar\/site\/wp-content\/uploads\/2025\/05\/WhatsApp-Image-2025-05-22-at-10.00.39-1024x576.jpeg\" alt=\"\" class=\"wp-image-33069\" srcset=\"https:\/\/radionewsmisiones.ar\/site\/wp-content\/uploads\/2025\/05\/WhatsApp-Image-2025-05-22-at-10.00.39-1024x576.jpeg 1024w, https:\/\/radionewsmisiones.ar\/site\/wp-content\/uploads\/2025\/05\/WhatsApp-Image-2025-05-22-at-10.00.39-300x169.jpeg 300w, https:\/\/radionewsmisiones.ar\/site\/wp-content\/uploads\/2025\/05\/WhatsApp-Image-2025-05-22-at-10.00.39-768x432.jpeg 768w, https:\/\/radionewsmisiones.ar\/site\/wp-content\/uploads\/2025\/05\/WhatsApp-Image-2025-05-22-at-10.00.39-1536x864.jpeg 1536w, https:\/\/radionewsmisiones.ar\/site\/wp-content\/uploads\/2025\/05\/WhatsApp-Image-2025-05-22-at-10.00.39.jpeg 1600w\" sizes=\"(max-width: 1024px) 100vw, 1024px\" \/><\/figure>\n\n\n\n<p>La actividad fue impulsada por el sublema \u201cEncuentro por mi Ciudad\u201d (Lista 900 Letra G), encabezado por la actual concejala y candidata Mar\u00eda Eva Jim\u00e9nez, quien estuvo presente junto a sus compa\u00f1eras y compa\u00f1eros de lista y el candidato de Diputado Provincial, Martin Kornuta.<\/p>\n\n\n\n<p>Desde las 17 horas, la Chacra 102 se convirti\u00f3 en escenario de un operativo vecinal integral que ofreci\u00f3 propuestas recreativas, culturales y de cuidado: juegos, premios, karaoke, concursos de baile, peloteros, servicios de peluquer\u00eda y belleza de manos, as\u00ed como una merienda comunitaria. Adem\u00e1s, se brind\u00f3 atenci\u00f3n m\u00e9dica cl\u00ednica y veterinaria gratuita \u2014con vacunaci\u00f3n antirr\u00e1bica y desparasitaci\u00f3n\u2014 y un espacio de asesor\u00eda legal para el acompa\u00f1amiento ciudadano.<\/p>\n\n\n\n<p>La jornada conto con la participaci\u00f3n del Presidente de la C\u00e1mara de Representantes, Dr. Oscar Herrera Ahuad y el Diputado Provincial, Martin Cesino, quien brindo atenci\u00f3n medica a los vecinos y vecinas del barrio, quienes valoraron la posibilidad de acceder a servicios esenciales en su propio territorio y participar activamente en un espacio de encuentro, contenci\u00f3n y celebraci\u00f3n colectiva.<\/p>\n\n\n\n<p>Con este evento, Encuentro por mi Ciudad, reafirm\u00f3 el compromiso del sublema con una pol\u00edtica cercana, participativa y centrada en las necesidades reales de los barrios.<\/p>\n","protected":false},"excerpt":{"rendered":"<p>Con una destacada participaci&oacute;n de vecinos y vecinas, se llev&oacute; a cabo la Jornada en Familia en la Chacra 102, con el objetivo de seguir fortaleciendo los lazos comunitarios, acercando&hellip; <\/p>\n","protected":false},"author":3,"featured_media":33070,"comment_status":"closed","ping_status":"closed","sticky":false,"template":"","format":"standard","meta":{"_monsterinsights_skip_tracking":false,"_monsterinsights_sitenote_active":false,"_monsterinsights_sitenote_note":"","_monsterinsights_sitenote_category":0},"categories":[3],"tags":[641],"aioseo_notices":[],"_links":{"self":[{"href":"https:\/\/radionewsmisiones.ar\/site\/wp-json\/wp\/v2\/posts\/33068"}],"collection":[{"href":"https:\/\/radionewsmisiones.ar\/site\/wp-json\/wp\/v2\/posts"}],"about":[{"href":"https:\/\/radionewsmisiones.ar\/site\/wp-json\/wp\/v2\/types\/post"}],"author":[{"embeddable":true,"href":"https:\/\/radionewsmisiones.ar\/site\/wp-json\/wp\/v2\/users\/3"}],"replies":[{"embeddable":true,"href":"https:\/\/radionewsmisiones.ar\/site\/wp-json\/wp\/v2\/comments?post=33068"}],"version-history":[{"count":1,"href":"https:\/\/radionewsmisiones.ar\/site\/wp-json\/wp\/v2\/posts\/33068\/revisions"}],"predecessor-version":[{"id":33071,"href":"https:\/\/radionewsmisiones.ar\/site\/wp-json\/wp\/v2\/posts\/33068\/revisions\/33071"}],"wp:featuredmedia":[{"embeddable":true,"href":"https:\/\/radionewsmisiones.ar\/site\/wp-json\/wp\/v2\/media\/33070"}],"wp:attachment":[{"href":"https:\/\/radionewsmisiones.ar\/site\/wp-json\/wp\/v2\/media?parent=33068"}],"wp:term":[{"taxonomy":"category","embeddable":true,"href":"https:\/\/radionewsmisiones.ar\/site\/wp-json\/wp\/v2\/categories?post=33068"},{"taxonomy":"post_tag","embeddable":true,"href":"https:\/\/radionewsmisiones.ar\/site\/wp-json\/wp\/v2\/tags?post=33068"}],"curies":[{"name":"wp","href":"https:\/\/api.w.org\/{rel}","templated":true}]}}