{"id":33151,"date":"2025-05-27T07:34:41","date_gmt":"2025-05-27T10:34:41","guid":{"rendered":"https:\/\/radionewsmisiones.ar\/site\/?p=33151"},"modified":"2025-05-27T07:34:53","modified_gmt":"2025-05-27T10:34:53","slug":"seguridad-vial-capacito-a-mas-de-1-500-jovenes-en-prevencion-y-seguridad-en-la-conduccion","status":"publish","type":"post","link":"https:\/\/radionewsmisiones.ar\/site\/provinciales\/seguridad-vial-capacito-a-mas-de-1-500-jovenes-en-prevencion-y-seguridad-en-la-conduccion\/","title":{"rendered":"Seguridad vial capacit\u00f3 a m\u00e1s de 1.500 j\u00f3venes en prevenci\u00f3n y seguridad en la conducci\u00f3n\u00a0"},"content":{"rendered":"\n<p>La Polic\u00eda de Misiones, a trav\u00e9s de la Direcci\u00f3n General de Seguridad Vial y Turismo y su Direcci\u00f3n de Capacitaci\u00f3n, realiz\u00f3 diversas capacitaciones que alcanzaron a m\u00e1s de 1.500 personas en distintos puntos de la provincia. Este tipo de actividades se llevan adelante mediante el trabajo coordinado entre capacitadores pertenecientes a las distintas divisiones viales y municipios con el objetivo de fomentar la concientizaci\u00f3n y la prevenci\u00f3n vial.<\/p>\n\n\n\n<figure class=\"wp-block-image size-large\"><img loading=\"lazy\" width=\"768\" height=\"1024\" src=\"https:\/\/radionewsmisiones.ar\/site\/wp-content\/uploads\/2025\/05\/Lunes-26-de-Mayo-2025-6-768x1024.jpeg\" alt=\"\" class=\"wp-image-33152\" srcset=\"https:\/\/radionewsmisiones.ar\/site\/wp-content\/uploads\/2025\/05\/Lunes-26-de-Mayo-2025-6-768x1024.jpeg 768w, https:\/\/radionewsmisiones.ar\/site\/wp-content\/uploads\/2025\/05\/Lunes-26-de-Mayo-2025-6-225x300.jpeg 225w, https:\/\/radionewsmisiones.ar\/site\/wp-content\/uploads\/2025\/05\/Lunes-26-de-Mayo-2025-6-1152x1536.jpeg 1152w, https:\/\/radionewsmisiones.ar\/site\/wp-content\/uploads\/2025\/05\/Lunes-26-de-Mayo-2025-6.jpeg 1200w\" sizes=\"(max-width: 768px) 100vw, 768px\" \/><\/figure>\n\n\n\n<p>En el nivel primario se visitaron 22 escuelas, donde se abordaron temas vinculados al rol del peat\u00f3n, las se\u00f1ales de tr\u00e1nsito, las prioridades de circulaci\u00f3n y la importancia de la seguridad activa y pasiva en los veh\u00edculos. Estas charlas llegaron a un total de 824 alumnos y alumnas, quienes participaron activamente de cada jornada.<\/p>\n\n\n\n<p>En el nivel secundario, se visitaron 8 instituciones, donde se trabaj\u00f3 sobre los requisitos para circular, el impacto del alcohol al volante y las medidas cautelares previstas por la legislaci\u00f3n vigente, con una participaci\u00f3n total de 369 j\u00f3venes.<\/p>\n\n\n\n<p>Adem\u00e1s, se realizaron acciones conjuntas con 18 municipios, donde se brindaron capacitaciones sobre legislaci\u00f3n vial, documentaci\u00f3n digital, uso de alcohol\u00edmetros y el proceso para la obtenci\u00f3n de licencias de conducir. En este marco, tambi\u00e9n se incluy\u00f3 a 307 estudiantes de nivel superior pertenecientes a carreras t\u00e9cnicas como Seguridad e Higiene, Administraci\u00f3n Contable, Gesti\u00f3n Empresarial y Comunicaci\u00f3n Multimedial Digital.<br>En tan solo seis d\u00edas, el personal especializado de Seguridad Vial recorri\u00f3 escuelas, aulas, salones y oficinas llevando un mensaje claro: \u201cla educaci\u00f3n vial es una herramienta clave para salvar vidas\u201d. Gracias a estas jornadas, m\u00e1s de 1.500 j\u00f3venes y futuros conductores fortalecieron sus conocimientos sobre las medidas preventivas, asumiendo el compromiso de transitar con responsabilidad y respeto por las normas de tr\u00e1nsito.<\/p>\n","protected":false},"excerpt":{"rendered":"<p>La Polic&iacute;a de Misiones, a trav&eacute;s de la Direcci&oacute;n General de Seguridad Vial y Turismo y su Direcci&oacute;n de Capacitaci&oacute;n, realiz&oacute; diversas capacitaciones que alcanzaron a m&aacute;s de 1.500 personas&hellip; <\/p>\n","protected":false},"author":3,"featured_media":33152,"comment_status":"closed","ping_status":"closed","sticky":false,"template":"","format":"standard","meta":{"_monsterinsights_skip_tracking":false,"_monsterinsights_sitenote_active":false,"_monsterinsights_sitenote_note":"","_monsterinsights_sitenote_category":0},"categories":[3],"tags":[316],"aioseo_notices":[],"_links":{"self":[{"href":"https:\/\/radionewsmisiones.ar\/site\/wp-json\/wp\/v2\/posts\/33151"}],"collection":[{"href":"https:\/\/radionewsmisiones.ar\/site\/wp-json\/wp\/v2\/posts"}],"about":[{"href":"https:\/\/radionewsmisiones.ar\/site\/wp-json\/wp\/v2\/types\/post"}],"author":[{"embeddable":true,"href":"https:\/\/radionewsmisiones.ar\/site\/wp-json\/wp\/v2\/users\/3"}],"replies":[{"embeddable":true,"href":"https:\/\/radionewsmisiones.ar\/site\/wp-json\/wp\/v2\/comments?post=33151"}],"version-history":[{"count":1,"href":"https:\/\/radionewsmisiones.ar\/site\/wp-json\/wp\/v2\/posts\/33151\/revisions"}],"predecessor-version":[{"id":33153,"href":"https:\/\/radionewsmisiones.ar\/site\/wp-json\/wp\/v2\/posts\/33151\/revisions\/33153"}],"wp:featuredmedia":[{"embeddable":true,"href":"https:\/\/radionewsmisiones.ar\/site\/wp-json\/wp\/v2\/media\/33152"}],"wp:attachment":[{"href":"https:\/\/radionewsmisiones.ar\/site\/wp-json\/wp\/v2\/media?parent=33151"}],"wp:term":[{"taxonomy":"category","embeddable":true,"href":"https:\/\/radionewsmisiones.ar\/site\/wp-json\/wp\/v2\/categories?post=33151"},{"taxonomy":"post_tag","embeddable":true,"href":"https:\/\/radionewsmisiones.ar\/site\/wp-json\/wp\/v2\/tags?post=33151"}],"curies":[{"name":"wp","href":"https:\/\/api.w.org\/{rel}","templated":true}]}}