{"id":33154,"date":"2025-05-27T07:53:19","date_gmt":"2025-05-27T10:53:19","guid":{"rendered":"https:\/\/radionewsmisiones.ar\/site\/?p=33154"},"modified":"2025-05-27T07:53:24","modified_gmt":"2025-05-27T10:53:24","slug":"con-un-masivo-apoyo-institucional-y-de-la-sociedad-civil-misiones-renovo-su-compromiso-en-la-lucha-contra-el-grooming","status":"publish","type":"post","link":"https:\/\/radionewsmisiones.ar\/site\/provinciales\/con-un-masivo-apoyo-institucional-y-de-la-sociedad-civil-misiones-renovo-su-compromiso-en-la-lucha-contra-el-grooming\/","title":{"rendered":"Con un masivo apoyo institucional y de la sociedad civil, Misiones renov\u00f3 su compromiso en la lucha contra el grooming"},"content":{"rendered":"\n<p><strong><em>Con la presencia de m\u00e1s de 600 personas y autoridades provinciales, Misiones renov\u00f3 su convenio con Grooming Argentina para fortalecer la prevenci\u00f3n del grooming en la provincia.<\/em><\/strong><\/p>\n\n\n\n<figure class=\"wp-block-image size-large\"><img loading=\"lazy\" width=\"1024\" height=\"683\" src=\"https:\/\/radionewsmisiones.ar\/site\/wp-content\/uploads\/2025\/05\/WhatsApp-Image-2025-05-26-at-12.03.56-1024x683.jpeg\" alt=\"\" class=\"wp-image-33155\" srcset=\"https:\/\/radionewsmisiones.ar\/site\/wp-content\/uploads\/2025\/05\/WhatsApp-Image-2025-05-26-at-12.03.56-1024x683.jpeg 1024w, https:\/\/radionewsmisiones.ar\/site\/wp-content\/uploads\/2025\/05\/WhatsApp-Image-2025-05-26-at-12.03.56-300x200.jpeg 300w, https:\/\/radionewsmisiones.ar\/site\/wp-content\/uploads\/2025\/05\/WhatsApp-Image-2025-05-26-at-12.03.56-768x512.jpeg 768w, https:\/\/radionewsmisiones.ar\/site\/wp-content\/uploads\/2025\/05\/WhatsApp-Image-2025-05-26-at-12.03.56-1536x1024.jpeg 1536w, https:\/\/radionewsmisiones.ar\/site\/wp-content\/uploads\/2025\/05\/WhatsApp-Image-2025-05-26-at-12.03.56.jpeg 1600w\" sizes=\"(max-width: 1024px) 100vw, 1024px\" \/><\/figure>\n\n\n\n<p>El vicegobernador de Misiones, Lucas Romero Spinelli, encabez\u00f3 en Puerto Iguaz\u00fa un multitudinario encuentro para la renovaci\u00f3n del convenio contra el grooming que une a la provincia con la fundaci\u00f3n Grooming Argentina. Se le dio de esta manera un cierre a los primeros seis meses de trabajo colaborativo y dio inicio a una nueva etapa que se extender\u00e1 hasta diciembre de 2025.<\/p>\n\n\n\n<p>El evento, que cont\u00f3 con m\u00e1s de 600 asistentes, fue escenario de una charla magistral a cargo del Dr. Hern\u00e1n Navarro, fundador y director ejecutivo de Grooming Argentina, y uno de los principales referentes nacionales en la lucha contra los delitos sexuales digitales.<\/p>\n\n\n\n<p>\u201cEste es un problema que atraviesa a toda la sociedad. Como Estado, no podemos ser indiferentes, porque, adem\u00e1s, veo que como sociedad no lo somos. La enorme cantidad de personas que nos acompa\u00f1a hoy reafirma que este es el camino correcto\u201d, afirm\u00f3 Romero Spinelli durante su discurso, destacando tambi\u00e9n la necesidad de abordar el fen\u00f3meno con una perspectiva integral, pedag\u00f3gica y preventiva.<\/p>\n\n\n\n<p><strong>Participaci\u00f3n institucional sin precedentes<\/strong><\/p>\n\n\n\n<p>La firma del convenio cont\u00f3 con una fuerte presencia de autoridades provinciales, municipales y legislativas. Acompa\u00f1aron al vicegobernador el intendente de Puerto Iguaz\u00fa, Dr. Claudio Ra\u00fal Filippa; la secretaria de Gobierno local, Marcela Gonz\u00e1lez; y la coordinadora estrat\u00e9gica del Gobierno Inteligente de la Vicegobernaci\u00f3n, Paula Franco.<\/p>\n\n\n\n<p>Tambi\u00e9n asistieron el presidente de la C\u00e1mara de Representantes, Dr. Oscar Herrera Ahuad; el ministro de Educaci\u00f3n, Lic. Ramiro Aranda; y la presidenta del Consejo General de Educaci\u00f3n, Prof. Daniela L\u00f3pez. Desde el Poder Legislativo, se destac\u00f3 la presencia de la secretaria legislativa de Inteligencia Artificial, Lic. Flavia Bojanovich.<\/p>\n\n\n\n<p>A ellos se sumaron Federico Cristaldo, de la Comisi\u00f3n de Buenas Pr\u00e1cticas en Contexto de Encierro; la Lic. Yanina Boshmann, a cargo de la coordinaci\u00f3n provincial de prevenci\u00f3n y asistencia a v\u00edctimas y testigos de trata de la Vicegobernaci\u00f3n; y Vanesa Caballero, directora de Asuntos Guaran\u00edes del municipio.<\/p>\n\n\n\n<p><strong>Educaci\u00f3n, justicia y comunidad<\/strong><\/p>\n\n\n\n<p>El convenio contra el grooming plantea tres grandes ejes de trabajo: educativo, interinstitucional con seguridad y justicia, y comunitario. En el plano educativo, se prev\u00e9 la formaci\u00f3n de docentes y autoridades y el mentoreo a equipos t\u00e9cnicos del sistema educativo para incorporar la prevenci\u00f3n del grooming como contenido curricular.<\/p>\n\n\n\n<p>A su vez, se implementar\u00e1n acciones de capacitaci\u00f3n dirigidas a fuerzas de seguridad y operadores judiciales, con \u00e9nfasis en la elaboraci\u00f3n conjunta de protocolos de intervenci\u00f3n y preservaci\u00f3n de evidencia digital.<\/p>\n\n\n\n<p>En el \u00e1mbito comunitario, se organizar\u00e1n talleres para madres, padres, cuidadores, profesionales y medios de comunicaci\u00f3n, as\u00ed como jornadas de concientizaci\u00f3n para ni\u00f1os, ni\u00f1as y adolescentes en escuelas y espacios recreativos.<\/p>\n\n\n\n<p><strong>Modalidad h\u00edbrida y federal<\/strong><\/p>\n\n\n\n<p>El convenio establece una modalidad h\u00edbrida de implementaci\u00f3n que combina actividades presenciales con capacitaciones y mentor\u00edas virtuales. Este enfoque busca garantizar un alcance territorial amplio y sostenido, aprovechando las plataformas digitales para brindar continuidad al trabajo interinstitucional.<\/p>\n\n\n\n<p>\u201cCada uno desde nuestro lugar podemos aportar a la construcci\u00f3n de pol\u00edticas p\u00fablicas que permanezcan m\u00e1s all\u00e1 de los gobiernos. Esa es la manera de hacer de la prevenci\u00f3n una herramienta de transformaci\u00f3n social\u201d, remarc\u00f3 Navarro, quien celebr\u00f3 la renovaci\u00f3n del acuerdo como una se\u00f1al de madurez institucional.<\/p>\n\n\n\n<p><strong>Un trabajo mancomunado<\/strong><\/p>\n\n\n\n<p>El convenio contra el grooming tendr\u00e1 una duraci\u00f3n de siete meses, desde junio hasta diciembre de 2025; con la posibilidad de renovaci\u00f3n autom\u00e1tica. Durante ese per\u00edodo, se ejecutar\u00e1n al menos cuatro acciones mensuales, entre capacitaciones, talleres y dise\u00f1o de protocolos.<\/p>\n\n\n\n<p>Seg\u00fan lo establecido, la Vicegobernaci\u00f3n se compromete a facilitar el acceso a plataformas educativas, coordinar con organismos como el Ministerio de Educaci\u00f3n y el Consejo General de Educaci\u00f3n, y garantizar la disponibilidad de equipos docentes. Por su parte, Grooming Argentina aportar\u00e1 capacitadores, contenidos y expertos para el dise\u00f1o de estrategias institucionales.<\/p>\n\n\n\n<p>Uno de los puntos destacados del acuerdo es la implementaci\u00f3n de mecanismos de evaluaci\u00f3n continua. Al cierre del convenio, se elaborar\u00e1 un informe de resultados con indicadores de participaci\u00f3n, impacto y sostenibilidad, lo que permitir\u00e1 medir la efectividad de las acciones implementadas.<\/p>\n\n\n\n<p>En palabras de Romero Spinelli, \u201clos diagn\u00f3sticos y los datos que arroje este proceso ser\u00e1n fundamentales para perfeccionar nuestras pol\u00edticas p\u00fablicas y generar nuevas estrategias de prevenci\u00f3n\u201d.<\/p>\n\n\n\n<p><strong>Grooming, una amenaza creciente<\/strong><\/p>\n\n\n\n<p>El delito de grooming, que implica el acoso sexual a menores de edad por medios digitales, ha crecido de forma sostenida en la \u00faltima d\u00e9cada, impulsado por el acceso masivo a dispositivos m\u00f3viles y redes sociales.<\/p>\n\n\n\n<p>Organizaciones como Grooming Argentina vienen advirtiendo sobre la necesidad urgente de una respuesta institucional articulada. Misiones es una de las pocas provincias del pa\u00eds que incorpor\u00f3 esta problem\u00e1tica como contenido transversal en la pol\u00edtica educativa.<\/p>\n\n\n\n<p>\u201cFormar a los adultos es tan importante como formar a los chicos. Tenemos que asumir que la prevenci\u00f3n del grooming comienza por reconocer nuestros propios d\u00e9ficit como sociedad adulta\u201d, se\u00f1al\u00f3 Navarro durante su presentaci\u00f3n ante un auditorio colmado.<\/p>\n\n\n\n<p><strong>Un Estado presente en el territorio<\/strong><\/p>\n\n\n\n<p>La renovaci\u00f3n del convenio contra el grooming refleja una l\u00ednea de acci\u00f3n sostenida del Gobierno de Misiones, que prioriza la construcci\u00f3n de pol\u00edticas p\u00fablicas de prevenci\u00f3n con enfoque federal, tecnol\u00f3gico y humano.<\/p>\n\n\n\n<p>El evento en Puerto Iguaz\u00fa no solo fue un acto protocolar, sino una declaraci\u00f3n de principios: la infancia y la adolescencia son una prioridad. La digitalidad no puede ser una zona liberada para el delito.<\/p>\n\n\n\n<p>\u201cEstamos trabajando para que nuestras escuelas sean espacios seguros tambi\u00e9n en lo digital\u201d, manifest\u00f3 Paula Franco, en un mensaje con el que sintetiz\u00f3 el esp\u00edritu de la jornada.<\/p>\n","protected":false},"excerpt":{"rendered":"<p>Con la presencia de m&aacute;s de 600 personas y autoridades provinciales, Misiones renov&oacute; su convenio con Grooming Argentina para fortalecer la prevenci&oacute;n del grooming en la provincia. El vicegobernador de&hellip; <\/p>\n","protected":false},"author":3,"featured_media":33156,"comment_status":"closed","ping_status":"closed","sticky":false,"template":"","format":"standard","meta":{"_monsterinsights_skip_tracking":false,"_monsterinsights_sitenote_active":false,"_monsterinsights_sitenote_note":"","_monsterinsights_sitenote_category":0},"categories":[3],"tags":[316],"aioseo_notices":[],"_links":{"self":[{"href":"https:\/\/radionewsmisiones.ar\/site\/wp-json\/wp\/v2\/posts\/33154"}],"collection":[{"href":"https:\/\/radionewsmisiones.ar\/site\/wp-json\/wp\/v2\/posts"}],"about":[{"href":"https:\/\/radionewsmisiones.ar\/site\/wp-json\/wp\/v2\/types\/post"}],"author":[{"embeddable":true,"href":"https:\/\/radionewsmisiones.ar\/site\/wp-json\/wp\/v2\/users\/3"}],"replies":[{"embeddable":true,"href":"https:\/\/radionewsmisiones.ar\/site\/wp-json\/wp\/v2\/comments?post=33154"}],"version-history":[{"count":1,"href":"https:\/\/radionewsmisiones.ar\/site\/wp-json\/wp\/v2\/posts\/33154\/revisions"}],"predecessor-version":[{"id":33157,"href":"https:\/\/radionewsmisiones.ar\/site\/wp-json\/wp\/v2\/posts\/33154\/revisions\/33157"}],"wp:featuredmedia":[{"embeddable":true,"href":"https:\/\/radionewsmisiones.ar\/site\/wp-json\/wp\/v2\/media\/33156"}],"wp:attachment":[{"href":"https:\/\/radionewsmisiones.ar\/site\/wp-json\/wp\/v2\/media?parent=33154"}],"wp:term":[{"taxonomy":"category","embeddable":true,"href":"https:\/\/radionewsmisiones.ar\/site\/wp-json\/wp\/v2\/categories?post=33154"},{"taxonomy":"post_tag","embeddable":true,"href":"https:\/\/radionewsmisiones.ar\/site\/wp-json\/wp\/v2\/tags?post=33154"}],"curies":[{"name":"wp","href":"https:\/\/api.w.org\/{rel}","templated":true}]}}