{"id":33172,"date":"2025-05-28T07:32:34","date_gmt":"2025-05-28T10:32:34","guid":{"rendered":"https:\/\/radionewsmisiones.ar\/site\/?p=33172"},"modified":"2025-05-28T07:32:39","modified_gmt":"2025-05-28T10:32:39","slug":"hugo-passalacqua-la-memoria-no-debe-desaparecer-nunca-hay-que-cultivarla-y-para-eso-es-importante-el-rol-de-los-medios-de-comunicacion","status":"publish","type":"post","link":"https:\/\/radionewsmisiones.ar\/site\/provinciales\/hugo-passalacqua-la-memoria-no-debe-desaparecer-nunca-hay-que-cultivarla-y-para-eso-es-importante-el-rol-de-los-medios-de-comunicacion\/","title":{"rendered":"Hugo Passalacqua: \u201cla memoria no debe desaparecer nunca, hay que cultivarla y para eso es importante el rol de los medios de comunicaci\u00f3n\u201d"},"content":{"rendered":"\n<p>El gobernador Hugo Passalacqua acompa\u00f1\u00f3 al diario El Territorio en el acto por sus 100 a\u00f1os de vida y recorri\u00f3 la muestra period\u00edstica y documental inaugurada en ese marco. All\u00ed, resalt\u00f3 el valor de la memoria colectiva y el rol de los medios como constructores de cultura en la sociedad misionera.<\/p>\n\n\n\n<figure class=\"wp-block-image size-large\"><img loading=\"lazy\" width=\"1024\" height=\"683\" src=\"https:\/\/radionewsmisiones.ar\/site\/wp-content\/uploads\/2025\/05\/WhatsApp-Image-2025-05-27-at-14.22.53-1024x683.jpeg\" alt=\"\" class=\"wp-image-33173\" srcset=\"https:\/\/radionewsmisiones.ar\/site\/wp-content\/uploads\/2025\/05\/WhatsApp-Image-2025-05-27-at-14.22.53-1024x683.jpeg 1024w, https:\/\/radionewsmisiones.ar\/site\/wp-content\/uploads\/2025\/05\/WhatsApp-Image-2025-05-27-at-14.22.53-300x200.jpeg 300w, https:\/\/radionewsmisiones.ar\/site\/wp-content\/uploads\/2025\/05\/WhatsApp-Image-2025-05-27-at-14.22.53-768x512.jpeg 768w, https:\/\/radionewsmisiones.ar\/site\/wp-content\/uploads\/2025\/05\/WhatsApp-Image-2025-05-27-at-14.22.53.jpeg 1368w\" sizes=\"(max-width: 1024px) 100vw, 1024px\" \/><\/figure>\n\n\n\n<p> Esta ma\u00f1ana, el gobernador de Misiones, Hugo Passalacqua, acompa\u00f1\u00f3 al diario El Territorio en el acto central por su 100\u00b0 aniversario, celebrado en el Centro Multicultural La Costanera. En ese marco, recorri\u00f3 la exposici\u00f3n \u201c100 a\u00f1os, miles de voces\u201d, una muestra period\u00edstica y documental que celebra el recorrido de la prensa misionera y que permanecer\u00e1 abierta al p\u00fablico hasta el 6 de junio.<\/p>\n\n\n\n<p>La muestra, montada en el hall de ingreso, la planta baja y el primer piso del Multicultural, presenta un cuidado gui\u00f3n museogr\u00e1fico con ejemplares originales de 1925, fotograf\u00edas de gran valor documental, facs\u00edmiles de portadas hist\u00f3ricas y objetos de \u00e9poca vinculados a la producci\u00f3n de noticias y la impresi\u00f3n gr\u00e1fica. Adem\u00e1s, ofrece recorridos guiados, a cargo de estudiantes avanzados de la carrera de Historia de la Facultad de Humanidades y Ciencias Sociales de la UNaM.<\/p>\n\n\n\n<p>Durante su visita, Passalacqua destac\u00f3 la importancia de preservar la memoria colectiva en todos los \u00e1mbitos de la vida, y subray\u00f3 el rol de las instituciones en la transmisi\u00f3n de la cultura. \u201cLa memoria hist\u00f3rica nunca debe perderse, jam\u00e1s, ni en el \u00e1mbito profesional, ni en la vida personal, de pareja, como ciudadano, como misioneros o argentino. La memoria no debe desaparecer nunca, hay que cultivarla y para eso es importante el rol de las instituciones, porque ayudan a transmitir cultura\u201d, asegur\u00f3 el Gobernador.<\/p>\n\n\n\n<p>Y aclar\u00f3: \u201cCuando hablo de instituciones me refiero a las escuelas, las iglesias, los diarios como El Territorio que no solamente transmite informaci\u00f3n, sino tambi\u00e9n cultura\u201d.<\/p>\n\n\n\n<p>A su vez, afirm\u00f3: \u201cen esta muestra uno ve reflejada su propia historia y eso emociona. Pero tambi\u00e9n hay cosas que me deslumbraron, im\u00e1genes que me emocionaron, muchos recuerdos de cosas que uno no vivi\u00f3 personalmente pero forman parte de la historia y hoy las tiene presente gracias a este archivo y eso me genera alegr\u00eda y emoci\u00f3n. Me alegra que haya quien custodie toda esta historia para que las generaciones futuras tengan todo este material que forma parte de la memoria y de la cultura misioneras\u201d.<\/p>\n\n\n\n<p>\u201cEl diario El Territorio es mucho m\u00e1s que un peri\u00f3dico para m\u00ed y esto lo afirmo como ciudadano a pie no s\u00f3lo como gobernador. Lo coment\u00e1bamos reci\u00e9n con \u00c1lvaro (Caama\u00f1o) y Oscar (Herrera Ahuad), es parte de la historia de Misiones. No hay nadie que tenga tanto volumen de data, imagen y que preserve de esta forma la historia de Misiones\u201d, asegur\u00f3 el Gobernador.<\/p>\n\n\n\n<p>\u201cEstoy feliz de estar ac\u00e1 en este centenario y me impresiona hablar de centenario, porque es muy dif\u00edcil comenzar una tarea, es a\u00fan m\u00e1s complicado que sea exitosa, pero es dificil\u00edsimo mantenerla en el tiempo; y El Territorio lo logr\u00f3, as\u00ed que enhorabuena y feliz aniversario\u201d, expres\u00f3.<\/p>\n\n\n\n<p>Tambi\u00e9n estuvieron presentes el presidente de la C\u00e1mara de Representantes, Oscar Herrera Ahuad; el intendente de Posadas, Leonardo Stelatto; el director period\u00edstico del diario El Territorio, Dami\u00e1n Cunale; la diputada provincial Suzel Vaider; la concejala Malena Mazal; el concejal Horacio Mart\u00ednez y la secretaria de Cultura y Educaci\u00f3n de Posadas, Mariela Dachary.<\/p>\n\n\n\n<p>Durante el acto, el presidente de la C\u00e1mara de Representantes, Oscar Herrera Ahuad, y la diputada provincial Suzel Vaider entregaron a las autoridades del diario El Territorio la declaraci\u00f3n de inter\u00e9s provincial por la muestra \u201c100 a\u00f1os, miles de voces\u201d. Por su parte, la concejala de Posadas Malena Mazal y el concejal Horacio Mart\u00ednez hicieron entrega de la declaraci\u00f3n de inter\u00e9s municipal.<\/p>\n\n\n\n<p>UN SIGLO DE PERIODISMO Y UN GRAN APORTE A LA MEMORIA MISIONERA<\/p>\n\n\n\n<p>Sobre la muestra, la periodista y pro-secretaria del peri\u00f3dico, Griselda Acu\u00f1a explic\u00f3: \u201c100 a\u00f1os, miles de voces es una s\u00edntesis de identidad de la historia no solo de El Territorio como medio de comunicaci\u00f3n, sino tambi\u00e9n de toda la provincia y de la regi\u00f3n\u201d.<\/p>\n\n\n\n<p>\u201cEl Territorio es sin\u00f3nimo de identidad, preservaci\u00f3n, esfuerzo e innovaci\u00f3n pero sobre todo trabajo en equipo y eso es lo que se ver\u00e1 a partir de hoy y hasta el 6 de junio inclusive en este espacio multicultural La Costanera, el resultado del trabajo en equipo de mucha gente y durante muchos meses. A trav\u00e9s de esta muestra, ponemos a disposici\u00f3n un pedacito del archivo, con im\u00e1genes y fotos que representan parte de la historia de la provincia de Misiones\u201d, agreg\u00f3.<\/p>\n\n\n\n<p>\u201cEn este centenario tambi\u00e9n podr\u00e1n ver por medio de este archivo que El Territorio fue y es protagonista, voz y testigo del desarrollo econ\u00f3mico y productivo de la provincia de Misiones\u201d, asegur\u00f3.<\/p>\n\n\n\n<p>Por su parte, el presidente del diario, \u00c1lvaro Caama\u00f1o agradeci\u00f3 al gobernador Passalacqua, al presidente de la C\u00e1mara, Herrera Ahuad y dem\u00e1s autoridades por acompa\u00f1ar el centenario del diario. \u201cHoy conmemoramos los 100 a\u00f1os de El Territorio que m\u00e1s que un diario es un proyecto institucional de toda una provincia. Misiones ha construido a trav\u00e9s de su historia, un medio que empez\u00f3 en el 1925 y que represent\u00f3 el esp\u00edritu de todos los misioneros\u201d, afirm\u00f3.<\/p>\n\n\n\n<p>\u201cPara nosotros, El Territorio es bastante m\u00e1s que s\u00f3lo un medio de comunicaci\u00f3n. Es un elemento constitutivo de la identidad de los misioneros. Creemos que nuestro destino como medio de comunicaci\u00f3n est\u00e1 \u00edntimamente ligado a la provincia de Misiones y a la evoluci\u00f3n hist\u00f3rica en nuestra provincia\u201d, manifest\u00f3.<\/p>\n\n\n\n<p>\u201cHoy m\u00e1s que nunca, queremos rescatar la voluntad de este medio de comunicaci\u00f3n por construir una sociedad m\u00e1s justa, fraternal y que promueva la unidad entre todos los misioneros y argentinos. Somos un diario que naci\u00f3 para aportar al bienestar de los misioneros y que va a seguir bregando para cumplir con eso\u201d, asegur\u00f3.<\/p>\n","protected":false},"excerpt":{"rendered":"<p>El gobernador Hugo Passalacqua acompa&ntilde;&oacute; al diario El Territorio en el acto por sus 100 a&ntilde;os de vida y recorri&oacute; la muestra period&iacute;stica y documental inaugurada en ese marco. All&iacute;,&hellip; <\/p>\n","protected":false},"author":3,"featured_media":33174,"comment_status":"closed","ping_status":"closed","sticky":false,"template":"","format":"standard","meta":{"_monsterinsights_skip_tracking":false,"_monsterinsights_sitenote_active":false,"_monsterinsights_sitenote_note":"","_monsterinsights_sitenote_category":0},"categories":[3],"tags":[316],"aioseo_notices":[],"_links":{"self":[{"href":"https:\/\/radionewsmisiones.ar\/site\/wp-json\/wp\/v2\/posts\/33172"}],"collection":[{"href":"https:\/\/radionewsmisiones.ar\/site\/wp-json\/wp\/v2\/posts"}],"about":[{"href":"https:\/\/radionewsmisiones.ar\/site\/wp-json\/wp\/v2\/types\/post"}],"author":[{"embeddable":true,"href":"https:\/\/radionewsmisiones.ar\/site\/wp-json\/wp\/v2\/users\/3"}],"replies":[{"embeddable":true,"href":"https:\/\/radionewsmisiones.ar\/site\/wp-json\/wp\/v2\/comments?post=33172"}],"version-history":[{"count":1,"href":"https:\/\/radionewsmisiones.ar\/site\/wp-json\/wp\/v2\/posts\/33172\/revisions"}],"predecessor-version":[{"id":33175,"href":"https:\/\/radionewsmisiones.ar\/site\/wp-json\/wp\/v2\/posts\/33172\/revisions\/33175"}],"wp:featuredmedia":[{"embeddable":true,"href":"https:\/\/radionewsmisiones.ar\/site\/wp-json\/wp\/v2\/media\/33174"}],"wp:attachment":[{"href":"https:\/\/radionewsmisiones.ar\/site\/wp-json\/wp\/v2\/media?parent=33172"}],"wp:term":[{"taxonomy":"category","embeddable":true,"href":"https:\/\/radionewsmisiones.ar\/site\/wp-json\/wp\/v2\/categories?post=33172"},{"taxonomy":"post_tag","embeddable":true,"href":"https:\/\/radionewsmisiones.ar\/site\/wp-json\/wp\/v2\/tags?post=33172"}],"curies":[{"name":"wp","href":"https:\/\/api.w.org\/{rel}","templated":true}]}}