{"id":33176,"date":"2025-05-28T07:34:25","date_gmt":"2025-05-28T10:34:25","guid":{"rendered":"https:\/\/radionewsmisiones.ar\/site\/?p=33176"},"modified":"2025-05-28T07:34:28","modified_gmt":"2025-05-28T10:34:28","slug":"hugo-passalacqua-se-reunio-con-luis-caputo-guillermo-francos-juan-pazo-y-gobernadores-para-tratar-las-nuevas-medidas-fiscales","status":"publish","type":"post","link":"https:\/\/radionewsmisiones.ar\/site\/provinciales\/hugo-passalacqua-se-reunio-con-luis-caputo-guillermo-francos-juan-pazo-y-gobernadores-para-tratar-las-nuevas-medidas-fiscales\/","title":{"rendered":"Hugo Passalacqua se reuni\u00f3 con Luis Caputo, Guillermo Francos, Juan Pazo y gobernadores, para tratar las nuevas medidas fiscales"},"content":{"rendered":"\n<p>El gobernador Hugo Passalacqua particip\u00f3 de una reuni\u00f3n virtual junto al ministro de Econom\u00eda de la Naci\u00f3n, Luis Caputo, el jefe de Gabinete, Guillermo Francos, y el titular de la Agencia de Recaudaci\u00f3n y Control Aduanero (ARCA), Juan Pazo. El encuentro se centr\u00f3 en el an\u00e1lisis de modificaciones fiscales como el r\u00e9gimen simplificado de ganancias. Desde la provincia destacaron la articulaci\u00f3n con Naci\u00f3n para atender temas que impactan en la econom\u00eda de las familias misioneras. En el encuentro tambi\u00e9n participaron gobernadores y funcionarios de otras provincias.<\/p>\n\n\n\n<figure class=\"wp-block-image size-large\"><img loading=\"lazy\" width=\"1024\" height=\"682\" src=\"https:\/\/radionewsmisiones.ar\/site\/wp-content\/uploads\/2025\/05\/WhatsApp-Image-2025-05-27-at-21.39.18-1024x682.jpeg\" alt=\"\" class=\"wp-image-33177\" srcset=\"https:\/\/radionewsmisiones.ar\/site\/wp-content\/uploads\/2025\/05\/WhatsApp-Image-2025-05-27-at-21.39.18-1024x682.jpeg 1024w, https:\/\/radionewsmisiones.ar\/site\/wp-content\/uploads\/2025\/05\/WhatsApp-Image-2025-05-27-at-21.39.18-300x200.jpeg 300w, https:\/\/radionewsmisiones.ar\/site\/wp-content\/uploads\/2025\/05\/WhatsApp-Image-2025-05-27-at-21.39.18-768x512.jpeg 768w, https:\/\/radionewsmisiones.ar\/site\/wp-content\/uploads\/2025\/05\/WhatsApp-Image-2025-05-27-at-21.39.18-1536x1023.jpeg 1536w, https:\/\/radionewsmisiones.ar\/site\/wp-content\/uploads\/2025\/05\/WhatsApp-Image-2025-05-27-at-21.39.18.jpeg 1600w\" sizes=\"(max-width: 1024px) 100vw, 1024px\" \/><\/figure>\n\n\n\n<p>El gobernador Hugo Passalacqua mantuvo una reuni\u00f3n virtual con funcionarios nacionales, en el marco del di\u00e1logo entre provincias y Naci\u00f3n en torno a medidas fiscales. Participaron del encuentro el ministro de Econom\u00eda, Luis Caputo; el jefe de Gabinete, Guillermo Francos; y el director ejecutivo de ARCA, Juan Pazo. En sus redes sociales, el mandatario provincial se\u00f1al\u00f3 que se abordaron temas vinculados a nuevas direcciones impositivas, como el r\u00e9gimen simplificado de ganancias, junto a otras medidas fiscales que se encuentran en discusi\u00f3n a nivel nacional.<\/p>\n\n\n\n<p>Adem\u00e1s, Passalacqua indic\u00f3 que se trat\u00f3 de un espacio de esclarecimiento, toma de notas y aportes por parte de las provincias sobre iniciativas de dominio p\u00fablico. En este sentido, coment\u00f3 que \u201crescatamos el trabajo conjunto con Naci\u00f3n, esto es bueno para la familia\u201d.<\/p>\n\n\n\n<p>En la misma videoconferencia participaron tambi\u00e9n los gobernadores Ra\u00fal Jalil (Catamarca), Leandro Zdero (Chaco), Ignacio Torres (Chubut), Gustavo Vald\u00e9s (Corrientes), Carlos Sadir (Jujuy), Alfredo Cornejo (Mendoza), Rolando Figueroa (Neuqu\u00e9n), Alberto Weretilneck (R\u00edo Negro), Gustavo S\u00e1enz (Salta), Marcelo Orrego (San Juan), Claudio Poggi (San Luis) y Gerardo Zamora (Santiago del Estero). Acompa\u00f1aron tambi\u00e9n el ministro de Econom\u00eda de C\u00f3rdoba, Guillermo Acosta; el ministro de Gobierno de esa provincia, Manuel Calvo; el ministro de Hacienda y Finanzas de Entre R\u00edos, Fabi\u00e1n Boleas; y el ministro de Econom\u00eda de Tucum\u00e1n, Daniel Abad.<\/p>\n","protected":false},"excerpt":{"rendered":"<p>El gobernador Hugo Passalacqua particip&oacute; de una reuni&oacute;n virtual junto al ministro de Econom&iacute;a de la Naci&oacute;n, Luis Caputo, el jefe de Gabinete, Guillermo Francos, y el titular de la&hellip; <\/p>\n","protected":false},"author":3,"featured_media":33178,"comment_status":"closed","ping_status":"closed","sticky":false,"template":"","format":"standard","meta":{"_monsterinsights_skip_tracking":false,"_monsterinsights_sitenote_active":false,"_monsterinsights_sitenote_note":"","_monsterinsights_sitenote_category":0},"categories":[3],"tags":[316],"aioseo_notices":[],"_links":{"self":[{"href":"https:\/\/radionewsmisiones.ar\/site\/wp-json\/wp\/v2\/posts\/33176"}],"collection":[{"href":"https:\/\/radionewsmisiones.ar\/site\/wp-json\/wp\/v2\/posts"}],"about":[{"href":"https:\/\/radionewsmisiones.ar\/site\/wp-json\/wp\/v2\/types\/post"}],"author":[{"embeddable":true,"href":"https:\/\/radionewsmisiones.ar\/site\/wp-json\/wp\/v2\/users\/3"}],"replies":[{"embeddable":true,"href":"https:\/\/radionewsmisiones.ar\/site\/wp-json\/wp\/v2\/comments?post=33176"}],"version-history":[{"count":1,"href":"https:\/\/radionewsmisiones.ar\/site\/wp-json\/wp\/v2\/posts\/33176\/revisions"}],"predecessor-version":[{"id":33179,"href":"https:\/\/radionewsmisiones.ar\/site\/wp-json\/wp\/v2\/posts\/33176\/revisions\/33179"}],"wp:featuredmedia":[{"embeddable":true,"href":"https:\/\/radionewsmisiones.ar\/site\/wp-json\/wp\/v2\/media\/33178"}],"wp:attachment":[{"href":"https:\/\/radionewsmisiones.ar\/site\/wp-json\/wp\/v2\/media?parent=33176"}],"wp:term":[{"taxonomy":"category","embeddable":true,"href":"https:\/\/radionewsmisiones.ar\/site\/wp-json\/wp\/v2\/categories?post=33176"},{"taxonomy":"post_tag","embeddable":true,"href":"https:\/\/radionewsmisiones.ar\/site\/wp-json\/wp\/v2\/tags?post=33176"}],"curies":[{"name":"wp","href":"https:\/\/api.w.org\/{rel}","templated":true}]}}