{"id":33199,"date":"2025-05-29T07:26:18","date_gmt":"2025-05-29T10:26:18","guid":{"rendered":"https:\/\/radionewsmisiones.ar\/site\/?p=33199"},"modified":"2025-05-29T07:26:38","modified_gmt":"2025-05-29T10:26:38","slug":"consultas-diagnosticos-y-anteojos-recetados-los-servicios-que-acerco-mirar-mejor-a-vecinos-de-colonia-victoria","status":"publish","type":"post","link":"https:\/\/radionewsmisiones.ar\/site\/provinciales\/consultas-diagnosticos-y-anteojos-recetados-los-servicios-que-acerco-mirar-mejor-a-vecinos-de-colonia-victoria\/","title":{"rendered":"Consultas, diagn\u00f3sticos y anteojos recetados, los servicios que acerc\u00f3 Mirar Mejor a vecinos de Colonia Victoria"},"content":{"rendered":"\n<p>Mirar Mejor lleg\u00f3 a Colonia Victoria en una jornada de gran convocatoria durante la ma\u00f1ana de este mi\u00e9rcoles para el acceso a la atenci\u00f3n oftalmol\u00f3gica integral de la mano de esta iniciativa de Gobernaci\u00f3n, coordinada por el IPLyC en conjunto con la Sociedad Oftalmol\u00f3gica de Misiones (SOMI).<\/p>\n\n\n\n<figure class=\"wp-block-image size-full\"><img loading=\"lazy\" width=\"1000\" height=\"750\" src=\"https:\/\/radionewsmisiones.ar\/site\/wp-content\/uploads\/2025\/05\/Mirar-Mejor-Colonia-Victoria2.jpeg\" alt=\"\" class=\"wp-image-33200\" srcset=\"https:\/\/radionewsmisiones.ar\/site\/wp-content\/uploads\/2025\/05\/Mirar-Mejor-Colonia-Victoria2.jpeg 1000w, https:\/\/radionewsmisiones.ar\/site\/wp-content\/uploads\/2025\/05\/Mirar-Mejor-Colonia-Victoria2-300x225.jpeg 300w, https:\/\/radionewsmisiones.ar\/site\/wp-content\/uploads\/2025\/05\/Mirar-Mejor-Colonia-Victoria2-768x576.jpeg 768w\" sizes=\"(max-width: 1000px) 100vw, 1000px\" \/><\/figure>\n\n\n\n<p>Un total de m\u00e1s de 60 pacientes acudieron al SUM del barrio IPRODHA para consultas, revisi\u00f3n de la vista, detecci\u00f3n de patolog\u00edas y la receta y posterior entrega de anteojos, todo sin costo para los vecinos.<\/p>\n\n\n\n<p>De acuerdo al diagn\u00f3stico realizado por el profesional oftalmol\u00f3gico, gran parte de las consultas se concentr\u00f3 por casos de astigmatismo, que genera complicaciones en actividades diarias.<\/p>\n\n\n\n<p>Mar\u00eda Flores, una de las vecinas que asisti\u00f3 al operativo, cont\u00f3 que \u201ces el cuarto control de la vista que me hago y esta vez me resulta muy costo hacerme los anteojos. Cuando me enter\u00e9 que esta propuesta es sin costo, no dud\u00e9 en acercarme; ahora me voy con anteojos nuevos\u201d.<\/p>\n\n\n\n<p>Carina Ocampo, por su parte, dijo que \u201cen mi caso, es la primera vez que usar\u00e9 anteojos y cuando me los prob\u00e9 sent\u00ed un alivio; sin dudas, ser\u00e1 para bien y para volver a leer, que es algo que me gusta y que hace tiempo postergaba\u201d.<\/p>\n\n\n\n<p>El presidente del IPLyC, H\u00e9ctor Rojas Decut, precis\u00f3 que \u201cMirar Mejor es una iniciativa que llega a cada rinc\u00f3n de la provincia, atendiendo demandas concretas y brindando una soluci\u00f3n espec\u00edfica, con un diagn\u00f3stico y anteojos que inmediatamente transforman la vida de cada uno de ellos, porque mirar mejor es brindar una calidad de vida mejor para los misioneros\u201d.<\/p>\n\n\n\n<p>Con el recorrido en Colonia Victoria, ya son 32 los municipios en los que Mirar Mejor se present\u00f3 y acerc\u00f3 servicios oftalmol\u00f3gicos para la comunidad. <\/p>\n\n\n\n<p>El pr\u00f3ximo mi\u00e9rcoles 4, el programa llegar\u00e1 a la localidad de Guaran\u00ed.<\/p>\n","protected":false},"excerpt":{"rendered":"<p>Mirar Mejor lleg&oacute; a Colonia Victoria en una jornada de gran convocatoria durante la ma&ntilde;ana de este mi&eacute;rcoles para el acceso a la atenci&oacute;n oftalmol&oacute;gica integral de la mano de&hellip; <\/p>\n","protected":false},"author":3,"featured_media":33201,"comment_status":"closed","ping_status":"closed","sticky":false,"template":"","format":"standard","meta":{"_monsterinsights_skip_tracking":false,"_monsterinsights_sitenote_active":false,"_monsterinsights_sitenote_note":"","_monsterinsights_sitenote_category":0},"categories":[3],"tags":[173],"aioseo_notices":[],"_links":{"self":[{"href":"https:\/\/radionewsmisiones.ar\/site\/wp-json\/wp\/v2\/posts\/33199"}],"collection":[{"href":"https:\/\/radionewsmisiones.ar\/site\/wp-json\/wp\/v2\/posts"}],"about":[{"href":"https:\/\/radionewsmisiones.ar\/site\/wp-json\/wp\/v2\/types\/post"}],"author":[{"embeddable":true,"href":"https:\/\/radionewsmisiones.ar\/site\/wp-json\/wp\/v2\/users\/3"}],"replies":[{"embeddable":true,"href":"https:\/\/radionewsmisiones.ar\/site\/wp-json\/wp\/v2\/comments?post=33199"}],"version-history":[{"count":2,"href":"https:\/\/radionewsmisiones.ar\/site\/wp-json\/wp\/v2\/posts\/33199\/revisions"}],"predecessor-version":[{"id":33203,"href":"https:\/\/radionewsmisiones.ar\/site\/wp-json\/wp\/v2\/posts\/33199\/revisions\/33203"}],"wp:featuredmedia":[{"embeddable":true,"href":"https:\/\/radionewsmisiones.ar\/site\/wp-json\/wp\/v2\/media\/33201"}],"wp:attachment":[{"href":"https:\/\/radionewsmisiones.ar\/site\/wp-json\/wp\/v2\/media?parent=33199"}],"wp:term":[{"taxonomy":"category","embeddable":true,"href":"https:\/\/radionewsmisiones.ar\/site\/wp-json\/wp\/v2\/categories?post=33199"},{"taxonomy":"post_tag","embeddable":true,"href":"https:\/\/radionewsmisiones.ar\/site\/wp-json\/wp\/v2\/tags?post=33199"}],"curies":[{"name":"wp","href":"https:\/\/api.w.org\/{rel}","templated":true}]}}