{"id":33204,"date":"2025-05-29T07:34:26","date_gmt":"2025-05-29T10:34:26","guid":{"rendered":"https:\/\/radionewsmisiones.ar\/site\/?p=33204"},"modified":"2025-05-29T07:34:38","modified_gmt":"2025-05-29T10:34:38","slug":"nemesio-parma-tras-gestiones-de-ttt-se-hizo-nueva-perforacion-en-el-barrio-y-30-familias-tendran-agua","status":"publish","type":"post","link":"https:\/\/radionewsmisiones.ar\/site\/provinciales\/nemesio-parma-tras-gestiones-de-ttt-se-hizo-nueva-perforacion-en-el-barrio-y-30-familias-tendran-agua\/","title":{"rendered":"Nemesio Parma: Tras gestiones de TTT se hizo nueva perforaci\u00f3n en el barrio y 30 familias tendr\u00e1n agua"},"content":{"rendered":"\n<p>POSADAS. En un sector\u00a0del barrio Nemesio Parma, de Posadas, m\u00e1s de 30 familias padecieron la falta de agua potable durante 30 a\u00f1os, y otras menos tiempo. Pero hace unas semanas recibieron la buena noticia de la concreci\u00f3n de una nueva perforaci\u00f3n con una profundidad de 170 metros en la Zona Este, la m\u00e1s baja del barrio, con el objetivo principal de la intervenci\u00f3n de Obras y Servicios P\u00fablicos de la municipalidad de reforzar el sistema de provisi\u00f3n de agua para abastecer a una treintena de lotes.<br>El nuevo pozo alimentar\u00e1 al tanque elevado de 10.000 litros, ubicado a unos 200 metros, con una bomba sumergible con capacidad suficiente y que permitir\u00e1 mejorar el caudal disponible.<\/p>\n\n\n\n<figure class=\"wp-block-image size-large\"><img loading=\"lazy\" width=\"1024\" height=\"638\" src=\"https:\/\/radionewsmisiones.ar\/site\/wp-content\/uploads\/2025\/05\/Familias-de-Nemesio-Parma-junto-a-militantes-de-TTT-que-acompanaron-la-lucha-que-dio-resultados-1024x638.jpg\" alt=\"\" class=\"wp-image-33205\" srcset=\"https:\/\/radionewsmisiones.ar\/site\/wp-content\/uploads\/2025\/05\/Familias-de-Nemesio-Parma-junto-a-militantes-de-TTT-que-acompanaron-la-lucha-que-dio-resultados-1024x638.jpg 1024w, https:\/\/radionewsmisiones.ar\/site\/wp-content\/uploads\/2025\/05\/Familias-de-Nemesio-Parma-junto-a-militantes-de-TTT-que-acompanaron-la-lucha-que-dio-resultados-300x187.jpg 300w, https:\/\/radionewsmisiones.ar\/site\/wp-content\/uploads\/2025\/05\/Familias-de-Nemesio-Parma-junto-a-militantes-de-TTT-que-acompanaron-la-lucha-que-dio-resultados-768x479.jpg 768w, https:\/\/radionewsmisiones.ar\/site\/wp-content\/uploads\/2025\/05\/Familias-de-Nemesio-Parma-junto-a-militantes-de-TTT-que-acompanaron-la-lucha-que-dio-resultados.jpg 1360w\" sizes=\"(max-width: 1024px) 100vw, 1024px\" \/><\/figure>\n\n\n\n<p><br>Antes de esto hubo muchos reclamos, hasta que en abril convocaron al dirigente <strong>Mart\u00edn Sereno<\/strong>, candidato a diputado por el partido\u00a0<strong><em>Tierra, Techo y Trabajo<\/em><\/strong>, y expusieron su necesidad de contar con ese derecho humano esencial.<\/p>\n\n\n\n<p><br>Sereno que particip\u00f3 de la reuni\u00f3n -acompa\u00f1ado por los militantes Carla Pipke, que lo secunda en la<strong>\u00a0Lista 656,<\/strong> como candidata a diputada, y Maximilano Rodr\u00edguez, candidato a concejal del sublema<strong><em>\u00a0\u00abPaz, Pan y Trabajo<\/em><\/strong>\u00ab- se comprometi\u00f3 a acompa\u00f1ar la lucha de la organizaci\u00f3n barrial para resolver el problema. Mientras tanto la \u00fanica opci\u00f3n de los vecinos es el agua de un cami\u00f3n que ingresa al barrio dos veces por semana.<\/p>\n\n\n\n<p><br>Los t\u00e9cnicos evaluaron la posibilidad de rehabilitar el pozo existente; pero despu\u00e9s de consultas con personal especializado, lo descartaron debido a las malas condiciones estructurales y al bajo caudal que ofrec\u00eda.<br>Adem\u00e1s, durante los trabajos se realizaron cateos en distintos puntos de la red de distribuci\u00f3n para evaluar la presi\u00f3n y el estado de las ca\u00f1er\u00edas. En el proceso se detectaron fisuras en algunos tramos que fueron reparados para asegurar un mejor rendimiento del sistema. \u00a0<br><strong><br>\u00abEstamos felices y agradecidos con estos militantes\u00bb<\/strong><br>Una de las vecinas de Parma, Rosana Montorfano, expres\u00f3 su felicidad, despu\u00e9s de atravesar lo que denomin\u00f3 \u00abel calvario\u00bb de no tener agua sana y con continuidad durante muchos a\u00f1os.<br>\u00abSomos muchas personas las que sufrimos esta falta de algo indispensable para vivir. Yo nac\u00ed en el barrio, al tiempo me fu\u00ed y regres\u00e9 a\u00f1os m\u00e1s tarde, y el recuerdo que tengo de chica es que en la zona m\u00e1s baja eran frecuentes las dificultades con el agua potable; pero con los a\u00f1os la situaci\u00f3n se agrav\u00f3\u00bb, lament\u00f3.<br>Rosana record\u00f3 los reiterados reclamos y pedidos formales que hicieron y s\u00f3lo recib\u00edan la indiferencia de sucesivas autoridades municipales de Posadas. \u00abPor eso los vecinos afectados estamos tan agradecidos a la intervenci\u00f3n de <strong>Mart\u00edn Sereno<\/strong> que se comprometi\u00f3 con nuestra lucha, se movi\u00f3 con los militantes, reclam\u00f3, hizo las gestiones con el intendente Stelatto y finalmente logr\u00f3 que nos escuchen, y reconozcan nuestro derecho a tener agua segura\u00bb.<\/p>\n\n\n\n<p><br>Para esta mujer, madre de un chico discapacitado, como para los y las ni\u00f1as, y las personas mayores, la provisi\u00f3n de l\u00edquido vital es fundamental. \u00abPienso en la salud de mi hijo, su alimentaci\u00f3n y su desarrollo y no puedo m\u00e1s que festejar este logro de contar con el pozo para la nueva perforaci\u00f3n que significa agua segura y constante\u00bb.<\/p>\n\n\n\n<p><br>Destac\u00f3 que lo consiguieron con organizaci\u00f3n y el compromiso de un dirigente como Sereno, que \u00abcon su espacio pol\u00edtico se puso la camiseta del barrio y sali\u00f3 con nosotros a pelear. Sus gestiones dieron resultado y en nombre de todas las familias yo quiero expresar nuestro total agradecimiento\u00bb, reiter\u00f3 Rosana.<br><strong><br>\u00abLa pol\u00edtica es resolver, dar respuestas y garantizar derechos\u00bb<\/strong><br>\u00abEs una gran alegr\u00eda esta respuesta como resultado, una vez m\u00e1s, de caminar el territorio. En este caso en reuni\u00f3n con las vecinas de Nemesio Parma, nos plantearon hacer una huerta comunitaria, e inmediatamente surgi\u00f3 la problem\u00e1tica de la falta sistem\u00e1tica de provisi\u00f3n de agua potable para el consumo humano. Un derecho que reclaman desde hace 30 a\u00f1os\u00bb, explic\u00f3 Sereno.<br>A partir de ah\u00ed iniciaron las gestiones, primero para una conexi\u00f3n provisoria desde el tanque de la zona alta del barrio, y luego con la concreci\u00f3n de la obra estructural necesaria de un pozo perforado que pudiera abastecer a esa treintena de familias.<\/p>\n\n\n\n<p><br>As\u00ed fue que luego de hacer visible la carencia y gestionar \u00ablogramos el compromiso del intendente del municipio de Posadas, Leonardo Stelatto para encontrar una soluci\u00f3n, que pasados unos d\u00edas fue provisoria al habilitar la apertura de llaves mientras probaban la red, y semanas despu\u00e9s los operarios comenzaron la construcci\u00f3n del pozo y la perforaci\u00f3n tan necesaria\u00bb, se\u00f1al\u00f3.<\/p>\n\n\n\n<p><br>Para el dirigente social, la alegr\u00eda de su espacio se debe al logro de lo que pregonan desde <strong>TTT<\/strong>: \u00abla pol\u00edtica es conseguir soluciones, brindar respuestas, y garantizar derechos y en el caso de nuestro movimiento popular y espacio pol\u00edtico es la acci\u00f3n y militancia territorial, porque como siempre decimos, la pol\u00edtica nace en el territorio, va a las instituciones y vuelve con respuestas, en este caso al barrio. Por eso celebramos que m\u00e1s de 30 familias de la zona baja de Parma puedan\u00a0gozar de un derecho humano y esencial garantizado gracias a que\u00a0tuvimos respuesta en nuestra gesti\u00f3n\u00bb, afirm\u00f3 <strong>Mart\u00edn Sereno.<\/strong><\/p>\n","protected":false},"excerpt":{"rendered":"<p>POSADAS. En un sector&nbsp;del barrio Nemesio Parma, de Posadas, m&aacute;s de 30 familias padecieron la falta de agua potable durante 30 a&ntilde;os, y otras menos tiempo. Pero hace unas semanas&hellip; <\/p>\n","protected":false},"author":3,"featured_media":0,"comment_status":"closed","ping_status":"closed","sticky":false,"template":"","format":"standard","meta":{"_monsterinsights_skip_tracking":false,"_monsterinsights_sitenote_active":false,"_monsterinsights_sitenote_note":"","_monsterinsights_sitenote_category":0},"categories":[3],"tags":[322],"aioseo_notices":[],"_links":{"self":[{"href":"https:\/\/radionewsmisiones.ar\/site\/wp-json\/wp\/v2\/posts\/33204"}],"collection":[{"href":"https:\/\/radionewsmisiones.ar\/site\/wp-json\/wp\/v2\/posts"}],"about":[{"href":"https:\/\/radionewsmisiones.ar\/site\/wp-json\/wp\/v2\/types\/post"}],"author":[{"embeddable":true,"href":"https:\/\/radionewsmisiones.ar\/site\/wp-json\/wp\/v2\/users\/3"}],"replies":[{"embeddable":true,"href":"https:\/\/radionewsmisiones.ar\/site\/wp-json\/wp\/v2\/comments?post=33204"}],"version-history":[{"count":1,"href":"https:\/\/radionewsmisiones.ar\/site\/wp-json\/wp\/v2\/posts\/33204\/revisions"}],"predecessor-version":[{"id":33206,"href":"https:\/\/radionewsmisiones.ar\/site\/wp-json\/wp\/v2\/posts\/33204\/revisions\/33206"}],"wp:attachment":[{"href":"https:\/\/radionewsmisiones.ar\/site\/wp-json\/wp\/v2\/media?parent=33204"}],"wp:term":[{"taxonomy":"category","embeddable":true,"href":"https:\/\/radionewsmisiones.ar\/site\/wp-json\/wp\/v2\/categories?post=33204"},{"taxonomy":"post_tag","embeddable":true,"href":"https:\/\/radionewsmisiones.ar\/site\/wp-json\/wp\/v2\/tags?post=33204"}],"curies":[{"name":"wp","href":"https:\/\/api.w.org\/{rel}","templated":true}]}}