{"id":33207,"date":"2025-05-29T07:38:03","date_gmt":"2025-05-29T10:38:03","guid":{"rendered":"https:\/\/radionewsmisiones.ar\/site\/?p=33207"},"modified":"2025-05-29T07:38:08","modified_gmt":"2025-05-29T10:38:08","slug":"la-legislatura-de-misiones-impulsa-una-nueva-economia-regional-con-un-proyecto-para-fomentar-el-cultivo-y-la-comercializacion-del-cafe","status":"publish","type":"post","link":"https:\/\/radionewsmisiones.ar\/site\/provinciales\/la-legislatura-de-misiones-impulsa-una-nueva-economia-regional-con-un-proyecto-para-fomentar-el-cultivo-y-la-comercializacion-del-cafe\/","title":{"rendered":"La Legislatura de Misiones impulsa una nueva econom\u00eda regional con un proyecto para fomentar el cultivo y la comercializaci\u00f3n del caf\u00e9"},"content":{"rendered":"\n<p><strong>Un proyecto presentado en la C\u00e1mara de Representantes de la provincia por el diputado Juan Jos\u00e9 Szychowski propone la creaci\u00f3n del Programa de Promoci\u00f3n del Cultivo y Comercializaci\u00f3n del Caf\u00e9. La iniciativa busca diversificar la matriz productiva misionera, generar empleo rural y posicionar al caf\u00e9 como un nuevo eje del desarrollo sustentable en la provincia.<\/strong><\/p>\n\n\n\n<figure class=\"wp-block-image size-large\"><img loading=\"lazy\" width=\"1024\" height=\"754\" src=\"https:\/\/radionewsmisiones.ar\/site\/wp-content\/uploads\/2025\/05\/IMG_20250527_110946-1024x754.jpg\" alt=\"\" class=\"wp-image-33208\" srcset=\"https:\/\/radionewsmisiones.ar\/site\/wp-content\/uploads\/2025\/05\/IMG_20250527_110946-1024x754.jpg 1024w, https:\/\/radionewsmisiones.ar\/site\/wp-content\/uploads\/2025\/05\/IMG_20250527_110946-300x221.jpg 300w, https:\/\/radionewsmisiones.ar\/site\/wp-content\/uploads\/2025\/05\/IMG_20250527_110946-768x565.jpg 768w, https:\/\/radionewsmisiones.ar\/site\/wp-content\/uploads\/2025\/05\/IMG_20250527_110946.jpg 1467w\" sizes=\"(max-width: 1024px) 100vw, 1024px\" \/><\/figure>\n\n\n\n<p>En el proyecto se propone declarar de inter\u00e9s provincial todas las actividades vinculadas a la cadena del caf\u00e9, desde el cultivo hasta su industrializaci\u00f3n y comercializaci\u00f3n, y establecer herramientas concretas para acompa\u00f1ar a los productores, como asistencia t\u00e9cnica, subsidios, l\u00edneas de cr\u00e9dito espec\u00edficas y beneficios fiscales. Tambi\u00e9n prev\u00e9 la creaci\u00f3n de un Registro Provincial de Productores de Caf\u00e9 y un Fondo de Desarrollo Cafetero para financiar investigaci\u00f3n, infraestructura y capacitaciones.<\/p>\n\n\n\n<p><strong>Un contexto agroecol\u00f3gico favorable<\/strong><\/p>\n\n\n\n<p>Misiones cuenta con condiciones naturales \u00f3ptimas para el desarrollo del cafeto, una especie que requiere humedad, suelos f\u00e9rtiles y temperaturas c\u00e1lidas. En ese sentido, el diputado Szychowski explic\u00f3: \u201cEstamos en una regi\u00f3n subtropical h\u00fameda, donde el rango de temperaturas cada vez se vuelve m\u00e1s apto para las plantaciones de caf\u00e9\u201d, al tiempo que advirti\u00f3 sobre los efectos del cambio clim\u00e1tico en la producci\u00f3n global.<\/p>\n\n\n\n<p>\u201cEstudios de la Universidad de Z\u00farich indican que casi el 50% de las plantaciones actuales de caf\u00e9 podr\u00edan desaparecer en los pr\u00f3ximos a\u00f1os, por eso, Misiones tiene una oportunidad hist\u00f3rica que no podemos desaprovechar\u201d, se\u00f1al\u00f3.<\/p>\n\n\n\n<p><strong>Experiencias concretas en distintas zonas de la provincia<\/strong><\/p>\n\n\n\n<p>La viabilidad t\u00e9cnica y econ\u00f3mica del cultivo ya se empieza a observar en distintas localidades del territorio misionero: \u201cEn El Soberbio ya hay un grupo que est\u00e1 desarrollando viveros y haciendo las primeras plantaciones, tambi\u00e9n hay potencial en zonas como San Ignacio, el eje entre Campo Grande y Arist\u00f3bulo del Valle, y en San Pedro\u201d, indic\u00f3 Szychowski. \u201cCon el paso del tiempo y el avance del cambio clim\u00e1tico, m\u00e1s \u00e1reas de Misiones se volver\u00e1n aptas para este cultivo\u201d, a\u00f1adi\u00f3.<\/p>\n\n\n\n<p><strong>El caf\u00e9 como motor de una nueva econom\u00eda regional<\/strong><\/p>\n\n\n\n<p>La propuesta legislativa apunta a consolidar al caf\u00e9 como una actividad productiva complementaria a los cultivos tradicionales: \u201cEl caf\u00e9 puede convertirse en una gran alternativa econ\u00f3mica para Misiones, vamos a posicionarnos como una provincia de las infusiones, reconocida por la producci\u00f3n de yerba mate, t\u00e9 y caf\u00e9\u201d, afirm\u00f3 el legislador.<\/p>\n\n\n\n<p>\u201cEs una actividad que puede complementar lo que ya hacen los productores, y sumar un ingreso extra a sus chacras\u201d, agreg\u00f3.<\/p>\n\n\n\n<p><strong>Una salida frente a la crisis del sector yerbatero<\/strong><\/p>\n\n\n\n<p>El proyecto tambi\u00e9n se presenta como una respuesta a la dif\u00edcil situaci\u00f3n que atraviesan sectores tradicionales del agro misionero: \u201cEl sector yerbatero, y otros sectores del agro misionero, est\u00e1n en crisis por las pol\u00edticas nacionales, el precio planchado del d\u00f3lar y las trabas a la exportaci\u00f3n, pero el caf\u00e9 tiene un precio internacional, cotiza en las bolsas del mundo, eso le da previsibilidad y estabilidad al productor\u201d, remarc\u00f3 Szychowski.<\/p>\n\n\n\n<p><br><strong>Incentivos para peque\u00f1os productores y arraigo rural<\/strong><\/p>\n\n\n\n<p>Uno de los ejes clave de la ley es la inclusi\u00f3n de peque\u00f1os productores, mujeres rurales y j\u00f3venes emprendedores, con herramientas concretas para facilitar su incorporaci\u00f3n a la actividad. \u201cComo es un cultivo que puede hacerse en una, dos o tres hect\u00e1reas, es ideal para fomentar el arraigo\u201d, sostuvo el diputado. \u201cLa ley prev\u00e9 incentivos fiscales, entrega de plantines, acceso a cr\u00e9ditos subsidiados y, fundamentalmente, capacitaci\u00f3n para quienes quieran sumarse\u201d, agreg\u00f3.<\/p>\n\n\n\n<p><strong>Un mensaje para quienes buscan diversificar<\/strong><\/p>\n\n\n\n<p>Por \u00faltimo, Szychowski hizo un llamado a los productores misioneros a mirar el futuro con una visi\u00f3n estrat\u00e9gica: \u201cMi mensaje para los productores es que siempre tenemos que mirar hacia adelante: el cambio clim\u00e1tico, que tanto da\u00f1o causa en algunas actividades, hoy nos est\u00e1 abriendo una nueva oportunidad, seamos lo suficientemente inteligentes para aprovecharla; esta decisi\u00f3n puede transformar la realidad productiva de nuestra provincia\u201d, concluy\u00f3.<\/p>\n","protected":false},"excerpt":{"rendered":"<p>Un proyecto presentado en la C&aacute;mara de Representantes de la provincia por el diputado Juan Jos&eacute; Szychowski propone la creaci&oacute;n del Programa de Promoci&oacute;n del Cultivo y Comercializaci&oacute;n del Caf&eacute;.&hellip; <\/p>\n","protected":false},"author":3,"featured_media":33208,"comment_status":"closed","ping_status":"closed","sticky":false,"template":"","format":"standard","meta":{"_monsterinsights_skip_tracking":false,"_monsterinsights_sitenote_active":false,"_monsterinsights_sitenote_note":"","_monsterinsights_sitenote_category":0},"categories":[3],"tags":[7],"aioseo_notices":[],"_links":{"self":[{"href":"https:\/\/radionewsmisiones.ar\/site\/wp-json\/wp\/v2\/posts\/33207"}],"collection":[{"href":"https:\/\/radionewsmisiones.ar\/site\/wp-json\/wp\/v2\/posts"}],"about":[{"href":"https:\/\/radionewsmisiones.ar\/site\/wp-json\/wp\/v2\/types\/post"}],"author":[{"embeddable":true,"href":"https:\/\/radionewsmisiones.ar\/site\/wp-json\/wp\/v2\/users\/3"}],"replies":[{"embeddable":true,"href":"https:\/\/radionewsmisiones.ar\/site\/wp-json\/wp\/v2\/comments?post=33207"}],"version-history":[{"count":1,"href":"https:\/\/radionewsmisiones.ar\/site\/wp-json\/wp\/v2\/posts\/33207\/revisions"}],"predecessor-version":[{"id":33209,"href":"https:\/\/radionewsmisiones.ar\/site\/wp-json\/wp\/v2\/posts\/33207\/revisions\/33209"}],"wp:featuredmedia":[{"embeddable":true,"href":"https:\/\/radionewsmisiones.ar\/site\/wp-json\/wp\/v2\/media\/33208"}],"wp:attachment":[{"href":"https:\/\/radionewsmisiones.ar\/site\/wp-json\/wp\/v2\/media?parent=33207"}],"wp:term":[{"taxonomy":"category","embeddable":true,"href":"https:\/\/radionewsmisiones.ar\/site\/wp-json\/wp\/v2\/categories?post=33207"},{"taxonomy":"post_tag","embeddable":true,"href":"https:\/\/radionewsmisiones.ar\/site\/wp-json\/wp\/v2\/tags?post=33207"}],"curies":[{"name":"wp","href":"https:\/\/api.w.org\/{rel}","templated":true}]}}