{"id":33301,"date":"2025-06-02T08:30:03","date_gmt":"2025-06-02T11:30:03","guid":{"rendered":"https:\/\/radionewsmisiones.ar\/site\/?p=33301"},"modified":"2025-06-02T08:30:09","modified_gmt":"2025-06-02T11:30:09","slug":"destacan-el-exito-de-la-feria-inclusiva-del-parque-de-la-ciudad","status":"publish","type":"post","link":"https:\/\/radionewsmisiones.ar\/site\/provinciales\/destacan-el-exito-de-la-feria-inclusiva-del-parque-de-la-ciudad\/","title":{"rendered":"Destacan el \u00e9xito de la Feria Inclusiva del Parque de la Ciudad"},"content":{"rendered":"\n<p>Una veintena de emprendedores se reuni\u00f3 para promover sus productos y fomentar la inclusi\u00f3n social. La iniciativa se repetir\u00e1 mensualmente.<\/p>\n\n\n\n<figure class=\"wp-block-image size-large\"><img loading=\"lazy\" width=\"1024\" height=\"682\" src=\"https:\/\/radionewsmisiones.ar\/site\/wp-content\/uploads\/2025\/06\/WhatsApp-Image-2025-06-02-at-08.29.30-1024x682.jpeg\" alt=\"\" class=\"wp-image-33302\" srcset=\"https:\/\/radionewsmisiones.ar\/site\/wp-content\/uploads\/2025\/06\/WhatsApp-Image-2025-06-02-at-08.29.30-1024x682.jpeg 1024w, https:\/\/radionewsmisiones.ar\/site\/wp-content\/uploads\/2025\/06\/WhatsApp-Image-2025-06-02-at-08.29.30-300x200.jpeg 300w, https:\/\/radionewsmisiones.ar\/site\/wp-content\/uploads\/2025\/06\/WhatsApp-Image-2025-06-02-at-08.29.30-768x512.jpeg 768w, https:\/\/radionewsmisiones.ar\/site\/wp-content\/uploads\/2025\/06\/WhatsApp-Image-2025-06-02-at-08.29.30-1536x1023.jpeg 1536w, https:\/\/radionewsmisiones.ar\/site\/wp-content\/uploads\/2025\/06\/WhatsApp-Image-2025-06-02-at-08.29.30.jpeg 1600w\" sizes=\"(max-width: 1024px) 100vw, 1024px\" \/><\/figure>\n\n\n\n<p>Este domingo 1\u00ba de junio se realiz\u00f3 la primera feria inclusiva en el Parque de la Ciudad, donde una veintena de emprendedores pudieron exhibir y vender sus productos. La actividad, que se desarroll\u00f3 de 16 a 20 horas, convoc\u00f3 a un importante n\u00famero de vecinos, quienes apoyaron esta propuesta que se prev\u00e9 realizar una vez al mes.<\/p>\n\n\n\n<p>La feria fue organizada por las Secretar\u00edas de Desarrollo Econ\u00f3mico, Deportes y Desarrollo Humano de la Municipalidad de Posadas, en colaboraci\u00f3n con el Consejo Provincial de Discapacidad. El director de Emprendedurismo, Ezequiel Szymczak, destac\u00f3 que \u201cla iniciativa responde al pedido de un grupo de familias con el fin de tener un espacio para promocionar sus productos, tener esta experiencia de inclusi\u00f3n y comercializaci\u00f3n\u201d.<\/p>\n\n\n\n<p>Szymczak tambi\u00e9n mencion\u00f3 la variedad de productos disponibles: \u201cparticiparon emprendedores del rubro gastron\u00f3mico, artesanos y reventa de art\u00edculos textiles\u201d. Adem\u00e1s, subray\u00f3 la importancia del entorno natural, afirmando que \u201chacerlo en un espacio natural busca dar visibilizaci\u00f3n, puesto que genera una afluencia importante de p\u00fablico\u201d.<\/p>\n\n\n\n<p>La directora municipal de Discapacidad, Maira Morel, resalt\u00f3 el compromiso de Posadas con la inclusi\u00f3n: \u201cEs una ciudad inclusiva porque entendemos que todos somos parte de la sociedad y tenemos los mismos derechos\u201d. Tambi\u00e9n anunci\u00f3 que \u201cla idea es realizar la feria el primer fin de semana de cada mes\u201d, lo que promete crear un ambiente continuo para la interacci\u00f3n y el comercio.<\/p>\n\n\n\n<p>Eduardo Campos, un emprendedor de 54 a\u00f1os con disminuci\u00f3n visual desde 2005, expres\u00f3 su agradecimiento por la oportunidad: \u201cEs una buena opci\u00f3n donde tambi\u00e9n la familia puede acercarse y disfrutar no solamente del entorno, sino de esta propuesta distinta\u201d. Campos, quien lleva 20 a\u00f1os trabajando en accesibilidad, destac\u00f3 la importancia de iniciativas como esta para ofrecer alternativas laborales.<\/p>\n\n\n\n<p>Por su parte, Sandra Delgado, referente de la Fundaci\u00f3n Familias Rett Misiones, tambi\u00e9n mostr\u00f3 su satisfacci\u00f3n con la gesti\u00f3n municipal: \u201cEstamos muy contentos por este espacio que lo hemos solicitado y se nos dio. En esta oportunidad en el Parque de la Ciudad y anteriormente ven\u00edamos trabajando con la Feria de Al caer el Sol en la Costanera\u201d.<\/p>\n\n\n\n<p>Con estas acciones, el Municipio reafirma su compromiso de seguir construyendo una ciudad con inclusi\u00f3n y accesibilidad para todos los posade\u00f1os, promoviendo sectores donde cada persona pueda participar y contribuir a la comunidad.<\/p>\n","protected":false},"excerpt":{"rendered":"<p>Una veintena de emprendedores se reuni&oacute; para promover sus productos y fomentar la inclusi&oacute;n social. La iniciativa se repetir&aacute; mensualmente. Este domingo 1&ordm; de junio se realiz&oacute; la primera feria&hellip; <\/p>\n","protected":false},"author":3,"featured_media":33302,"comment_status":"closed","ping_status":"closed","sticky":false,"template":"","format":"standard","meta":{"_monsterinsights_skip_tracking":false,"_monsterinsights_sitenote_active":false,"_monsterinsights_sitenote_note":"","_monsterinsights_sitenote_category":0},"categories":[3],"tags":[22],"aioseo_notices":[],"_links":{"self":[{"href":"https:\/\/radionewsmisiones.ar\/site\/wp-json\/wp\/v2\/posts\/33301"}],"collection":[{"href":"https:\/\/radionewsmisiones.ar\/site\/wp-json\/wp\/v2\/posts"}],"about":[{"href":"https:\/\/radionewsmisiones.ar\/site\/wp-json\/wp\/v2\/types\/post"}],"author":[{"embeddable":true,"href":"https:\/\/radionewsmisiones.ar\/site\/wp-json\/wp\/v2\/users\/3"}],"replies":[{"embeddable":true,"href":"https:\/\/radionewsmisiones.ar\/site\/wp-json\/wp\/v2\/comments?post=33301"}],"version-history":[{"count":1,"href":"https:\/\/radionewsmisiones.ar\/site\/wp-json\/wp\/v2\/posts\/33301\/revisions"}],"predecessor-version":[{"id":33303,"href":"https:\/\/radionewsmisiones.ar\/site\/wp-json\/wp\/v2\/posts\/33301\/revisions\/33303"}],"wp:featuredmedia":[{"embeddable":true,"href":"https:\/\/radionewsmisiones.ar\/site\/wp-json\/wp\/v2\/media\/33302"}],"wp:attachment":[{"href":"https:\/\/radionewsmisiones.ar\/site\/wp-json\/wp\/v2\/media?parent=33301"}],"wp:term":[{"taxonomy":"category","embeddable":true,"href":"https:\/\/radionewsmisiones.ar\/site\/wp-json\/wp\/v2\/categories?post=33301"},{"taxonomy":"post_tag","embeddable":true,"href":"https:\/\/radionewsmisiones.ar\/site\/wp-json\/wp\/v2\/tags?post=33301"}],"curies":[{"name":"wp","href":"https:\/\/api.w.org\/{rel}","templated":true}]}}