{"id":33313,"date":"2025-06-02T11:06:50","date_gmt":"2025-06-02T14:06:50","guid":{"rendered":"https:\/\/radionewsmisiones.ar\/site\/?p=33313"},"modified":"2025-06-02T11:07:02","modified_gmt":"2025-06-02T14:07:02","slug":"multitudinario-festejo-con-los-jardines-de-alem","status":"publish","type":"post","link":"https:\/\/radionewsmisiones.ar\/site\/provinciales\/multitudinario-festejo-con-los-jardines-de-alem\/","title":{"rendered":"Multitudinario festejo con los jardines de Alem"},"content":{"rendered":"\n<p>La Fiesta de los Jardines de Infantes, animada por \u201cGurises Felices\u201d, convoc\u00f3 a m\u00e1s de mil chicos de la zona urbana que se reunieron en el Polideportivo \u201cRicardo Balb\u00edn\u201d, de Leandro N. Alem. Durante casi dos horas de show, las infancias cantaron y bailaron al ritmo de este programa del IPLyC.<\/p>\n\n\n\n<figure class=\"wp-block-image size-large\"><img loading=\"lazy\" width=\"1024\" height=\"768\" src=\"https:\/\/radionewsmisiones.ar\/site\/wp-content\/uploads\/2025\/06\/Gurises-Alem-mayo-20253-1024x768.jpeg\" alt=\"\" class=\"wp-image-33314\" srcset=\"https:\/\/radionewsmisiones.ar\/site\/wp-content\/uploads\/2025\/06\/Gurises-Alem-mayo-20253-1024x768.jpeg 1024w, https:\/\/radionewsmisiones.ar\/site\/wp-content\/uploads\/2025\/06\/Gurises-Alem-mayo-20253-300x225.jpeg 300w, https:\/\/radionewsmisiones.ar\/site\/wp-content\/uploads\/2025\/06\/Gurises-Alem-mayo-20253-768x576.jpeg 768w, https:\/\/radionewsmisiones.ar\/site\/wp-content\/uploads\/2025\/06\/Gurises-Alem-mayo-20253.jpeg 1280w\" sizes=\"(max-width: 1024px) 100vw, 1024px\" \/><\/figure>\n\n\n\n<p>En esta oportunidad, Poca Sopa apareci\u00f3 en el escenario vestido de casco y overol, caracterizando a un operario. Mientras realizaba las tareas habituales, se enter\u00f3 que a los organizadores del festejo les hac\u00eda falta un payaso, por lo que se ofreci\u00f3 a prestar sus servicios como tal. Sin muchas vueltas, se maquill\u00f3, se calz\u00f3 el traje y, en unos minutos, improvis\u00f3 un espect\u00e1culo sin precedentes, provocando carcajadas en sus peque\u00f1os seguidores y en las familias que vinieron a acompa\u00f1arlos.<\/p>\n\n\n\n<p>Durante este encuentro, abundaron los cl\u00e1sicos musicales infantiles y una diversidad de juegos. El equipo del IPLyC cont\u00f3 con la colaboraci\u00f3n de estudiantes del profesorado de Nivel Inicial.<\/p>\n","protected":false},"excerpt":{"rendered":"<p>La Fiesta de los Jardines de Infantes, animada por &ldquo;Gurises Felices&rdquo;, convoc&oacute; a m&aacute;s de mil chicos de la zona urbana que se reunieron en el Polideportivo &ldquo;Ricardo Balb&iacute;n&rdquo;, de&hellip; <\/p>\n","protected":false},"author":3,"featured_media":33315,"comment_status":"closed","ping_status":"closed","sticky":false,"template":"","format":"standard","meta":{"_monsterinsights_skip_tracking":false,"_monsterinsights_sitenote_active":false,"_monsterinsights_sitenote_note":"","_monsterinsights_sitenote_category":0},"categories":[3],"tags":[173],"aioseo_notices":[],"_links":{"self":[{"href":"https:\/\/radionewsmisiones.ar\/site\/wp-json\/wp\/v2\/posts\/33313"}],"collection":[{"href":"https:\/\/radionewsmisiones.ar\/site\/wp-json\/wp\/v2\/posts"}],"about":[{"href":"https:\/\/radionewsmisiones.ar\/site\/wp-json\/wp\/v2\/types\/post"}],"author":[{"embeddable":true,"href":"https:\/\/radionewsmisiones.ar\/site\/wp-json\/wp\/v2\/users\/3"}],"replies":[{"embeddable":true,"href":"https:\/\/radionewsmisiones.ar\/site\/wp-json\/wp\/v2\/comments?post=33313"}],"version-history":[{"count":1,"href":"https:\/\/radionewsmisiones.ar\/site\/wp-json\/wp\/v2\/posts\/33313\/revisions"}],"predecessor-version":[{"id":33316,"href":"https:\/\/radionewsmisiones.ar\/site\/wp-json\/wp\/v2\/posts\/33313\/revisions\/33316"}],"wp:featuredmedia":[{"embeddable":true,"href":"https:\/\/radionewsmisiones.ar\/site\/wp-json\/wp\/v2\/media\/33315"}],"wp:attachment":[{"href":"https:\/\/radionewsmisiones.ar\/site\/wp-json\/wp\/v2\/media?parent=33313"}],"wp:term":[{"taxonomy":"category","embeddable":true,"href":"https:\/\/radionewsmisiones.ar\/site\/wp-json\/wp\/v2\/categories?post=33313"},{"taxonomy":"post_tag","embeddable":true,"href":"https:\/\/radionewsmisiones.ar\/site\/wp-json\/wp\/v2\/tags?post=33313"}],"curies":[{"name":"wp","href":"https:\/\/api.w.org\/{rel}","templated":true}]}}