{"id":33491,"date":"2025-06-11T07:43:27","date_gmt":"2025-06-11T10:43:27","guid":{"rendered":"https:\/\/radionewsmisiones.ar\/site\/?p=33491"},"modified":"2025-06-11T07:43:31","modified_gmt":"2025-06-11T10:43:31","slug":"con-planificacion-estrategica-y-formacion-tecnica-en-las-chacras-misiones-profundiza-su-modelo-de-produccion-organica","status":"publish","type":"post","link":"https:\/\/radionewsmisiones.ar\/site\/provinciales\/con-planificacion-estrategica-y-formacion-tecnica-en-las-chacras-misiones-profundiza-su-modelo-de-produccion-organica\/","title":{"rendered":"Con planificaci\u00f3n estrat\u00e9gica y formaci\u00f3n t\u00e9cnica en las chacras, Misiones profundiza su modelo de producci\u00f3n org\u00e1nica"},"content":{"rendered":"\n<p><em><strong>La Mesa Provincial de Producci\u00f3n Org\u00e1nica y la Diplomatura en Producci\u00f3n y Comercializaci\u00f3n de Productos Org\u00e1nicos consolidan el crecimiento del sector en Misiones, con respaldo institucional del Ministerio del Agro, coordinaci\u00f3n p\u00fablico-privada y una fuerte presencia territorial.<\/strong><\/em><\/p>\n\n\n\n<figure class=\"wp-block-image size-full\"><img loading=\"lazy\" width=\"1024\" height=\"768\" src=\"https:\/\/radionewsmisiones.ar\/site\/wp-content\/uploads\/2025\/06\/FORMACION-TECNICA-EN-LAS-CHACRAS-2-1024x768-1.jpeg\" alt=\"\" class=\"wp-image-33492\" srcset=\"https:\/\/radionewsmisiones.ar\/site\/wp-content\/uploads\/2025\/06\/FORMACION-TECNICA-EN-LAS-CHACRAS-2-1024x768-1.jpeg 1024w, https:\/\/radionewsmisiones.ar\/site\/wp-content\/uploads\/2025\/06\/FORMACION-TECNICA-EN-LAS-CHACRAS-2-1024x768-1-300x225.jpeg 300w, https:\/\/radionewsmisiones.ar\/site\/wp-content\/uploads\/2025\/06\/FORMACION-TECNICA-EN-LAS-CHACRAS-2-1024x768-1-768x576.jpeg 768w\" sizes=\"(max-width: 1024px) 100vw, 1024px\" \/><\/figure>\n\n\n\n<p> Con una serie de encuentros realizados a fines de mayo en Ruiz de Montoya y Montecarlo, el Gobierno de Misiones, a trav\u00e9s del Ministerio del Agro y la Producci\u00f3n de Misiones, reafirm\u00f3 su compromiso con el desarrollo de la producci\u00f3n org\u00e1nica en la provincia. En un contexto de crecimiento sostenido, se llev\u00f3 a cabo una nueva reuni\u00f3n de la Mesa Provincial de Producci\u00f3n Org\u00e1nica y una jornada presencial de la Diplomatura en Producci\u00f3n y Comercializaci\u00f3n de Productos Org\u00e1nicos, con amplia participaci\u00f3n del sector p\u00fablico, cooperativas, instituciones educativas, empresas y productores.<\/p>\n\n\n\n<p>Desde la cartera agraria se enfatiz\u00f3 que la producci\u00f3n org\u00e1nica es una pol\u00edtica de Estado en Misiones. \u201cEsta agenda se consolida como una de las m\u00e1s activas del pa\u00eds, con logros concretos y trabajo sostenido junto al sector privado, instituciones t\u00e9cnicas y gobiernos locales. La articulaci\u00f3n es el camino para seguir creciendo\u201d, indic\u00f3 el ministro Facundo L\u00f3pez Sartori.<\/p>\n\n\n\n<p>Adem\u00e1s, Misiones es una de las provincias que adhiri\u00f3 a la Ley Nacional N\u00b0 27.734 de Promoci\u00f3n de la Producci\u00f3n Org\u00e1nica para Econom\u00edas Regionales, lo que habilita beneficios fiscales y acceso a financiamiento para proyectos de investigaci\u00f3n y promoci\u00f3n. La provincia tambi\u00e9n integra la Comisi\u00f3n Asesora Nacional de Producci\u00f3n Org\u00e1nica y ejecuta el Plan Estrat\u00e9gico Nacional 2030.<\/p>\n\n\n\n<p><strong>ARTICULACI\u00d3N P\u00daBLICO-PRIVADA PARA FORTALECER EL SECTOR ORG\u00c1NICO<\/strong><\/p>\n\n\n\n<p>La reuni\u00f3n de la Mesa Provincial de Producci\u00f3n Org\u00e1nica, coordinada por la Subsecretar\u00eda de Desarrollo y Producci\u00f3n Vegetal del Ministerio del Agro, se desarroll\u00f3 el 28 de mayo en Ruiz de Montoya con la participaci\u00f3n de representantes del Instituto Misionero del Suelo, INTA, INYM, SENASA, EFAs, fundaciones y asesores t\u00e9cnicos, junto a productores y cooperativas de toda la provincia que cuentan con certificaci\u00f3n org\u00e1nica. Acompa\u00f1\u00f3 el encuentro el Ing. Facundo Soria, Coordinador del \u00c1rea de Producci\u00f3n Org\u00e1nica de la Secretar\u00eda de Agricultura, Ganader\u00eda y Pesca de la Naci\u00f3n.<\/p>\n\n\n\n<p>El encuentro tuvo como objetivos centrales consolidar los espacios de articulaci\u00f3n, identificar demandas y desaf\u00edos del sector, presentar los principales logros del Programa Provincial de Promoci\u00f3n de la Producci\u00f3n Org\u00e1nica y avanzar en la construcci\u00f3n de un plan de acci\u00f3n territorial.<\/p>\n\n\n\n<p>Durante la jornada, la subsecretaria Luciana Imbrogno present\u00f3 los avances m\u00e1s recientes del sector en la provincia: entre 2023 y 2024, los establecimientos primarios certificados crecieron un 31%, alcanzando 63 unidades, mientras que los establecimientos elaboradores aumentaron un 12%, totalizando 28. La superficie certificada trep\u00f3 a 4.260 hect\u00e1reas \u2014un 4% m\u00e1s que en 2023 y un 32% m\u00e1s que en 2019\u2014. La yerba mate es el cultivo predominante con 58 establecimientos, seguida por el t\u00e9 con 9.<\/p>\n\n\n\n<p>Adem\u00e1s, el consumo interno de yerba mate org\u00e1nica experiment\u00f3 un salto hist\u00f3rico en 2024: creci\u00f3 un 56% respecto al anterior r\u00e9cord de 2022, superando por primera vez a las exportaciones. Tambi\u00e9n aument\u00f3 la demanda interna de t\u00e9 org\u00e1nico, que alcanz\u00f3 los 7.300 kg.<\/p>\n\n\n\n<p>\u201cDesde el Ministerio del Agro llevamos adelante numerosas acciones para promover la producci\u00f3n org\u00e1nica, tanto de \u00edndole t\u00e9cnica como de comunicaci\u00f3n, formaci\u00f3n y promoci\u00f3n. Consolidamos la mesa provincial con amplia participaci\u00f3n del sector privado para nutrirnos de las propuestas de ellos y tener acciones m\u00e1s asertivas en territorio\u201d, expres\u00f3 Imbrogno.<\/p>\n\n\n\n<p>\u201cEn la mesa de trabajo se discutieron temas clave para abordar con mayor profundidad en las pr\u00f3ximas reuniones, como el rendimiento de los yerbales org\u00e1nicos, nutrici\u00f3n, an\u00e1lisis de suelo, disminuci\u00f3n de costos de producci\u00f3n, control de malezas, propuestas tecnol\u00f3gicas para peque\u00f1os productores; implementos a escala para peque\u00f1as superficies; capacitaci\u00f3n en certificaci\u00f3n, documentaci\u00f3n, asistencia t\u00e9cnica; certificaci\u00f3n para peque\u00f1a escala, mini secaderos; uso de especies forestales nativas, iniciativas legislativas y Pol\u00edticas p\u00fablicas a mediano y largo plazo\u201d detall\u00f3 Imbrogno.<\/p>\n\n\n\n<p>Por su parte, Soria comparti\u00f3 la agenda 2025 del Plan Estrat\u00e9gico Nacional para la Producci\u00f3n Org\u00e1nica 2030, que contempla la actualizaci\u00f3n normativa, estrategias de competitividad, formaci\u00f3n, comunicaci\u00f3n y premios nacionales al sector. \u201cEstoy gratamente sorprendido por la convocatoria y cantidad de empresas presentes con una idea com\u00fan que busca consolidar una agenda de trabajo eficaz para el sector org\u00e1nico misionero. Es importante la participaci\u00f3n y el espacio p\u00fablico-privado que hay que sostener en el tiempo e integrar al Plan Estrat\u00e9gico Nacional\u201d, afirm\u00f3.<\/p>\n\n\n\n<p>Adem\u00e1s, agreg\u00f3 que \u201cMisiones es un ejemplo de c\u00f3mo es posible organizarse y lograr resultados de crecimiento en cantidad de productores y elaboradores org\u00e1nicos. Ahora toca ajustar la estrategia para que ese desarrollo sea cada vez m\u00e1s competitivo e inclusivo\u201d.<\/p>\n\n\n\n<p><strong>FORMACI\u00d3N PARA UNA PRODUCCI\u00d3N ORG\u00c1NICA CON VALOR Y ARRAIGO<\/strong><\/p>\n\n\n\n<p>En paralelo, el 29 y 30 de mayo se desarroll\u00f3 en Montecarlo una nueva instancia presencial de la Diplomatura en Producci\u00f3n y Comercializaci\u00f3n de Productos Org\u00e1nicos. La propuesta, impulsada por el Ministerio del Agro y la Universidad Nacional de Catamarca, busca articular la formaci\u00f3n acad\u00e9mica con las realidades territoriales del sector.<\/p>\n\n\n\n<p>La jornada incluy\u00f3 recorridos por el molino y secadero de la Cooperativa Agr\u00edcola Mixta de Montecarlo, productora de la yerba mate Pampa Org\u00e1nica, as\u00ed como visitas t\u00e9cnicas a yerbales certificados, donde se abordaron temas vinculados al manejo del suelo, control sanitario, registros y certificaciones.<\/p>\n\n\n\n<p>Esta propuesta formativa, dictada por especialistas provinciales y nacionales, permite a t\u00e9cnicos, profesionales y emprendedores adquirir herramientas para interpretar la normativa vigente, gestionar emprendimientos org\u00e1nicos y dise\u00f1ar estrategias comerciales adaptadas a diferentes mercados.<\/p>\n","protected":false},"excerpt":{"rendered":"<p>La Mesa Provincial de Producci&oacute;n Org&aacute;nica y la Diplomatura en Producci&oacute;n y Comercializaci&oacute;n de Productos Org&aacute;nicos consolidan el crecimiento del sector en Misiones, con respaldo institucional del Ministerio del Agro,&hellip; <\/p>\n","protected":false},"author":3,"featured_media":33493,"comment_status":"closed","ping_status":"closed","sticky":false,"template":"","format":"standard","meta":{"_monsterinsights_skip_tracking":false,"_monsterinsights_sitenote_active":false,"_monsterinsights_sitenote_note":"","_monsterinsights_sitenote_category":0},"categories":[3],"tags":[237],"aioseo_notices":[],"_links":{"self":[{"href":"https:\/\/radionewsmisiones.ar\/site\/wp-json\/wp\/v2\/posts\/33491"}],"collection":[{"href":"https:\/\/radionewsmisiones.ar\/site\/wp-json\/wp\/v2\/posts"}],"about":[{"href":"https:\/\/radionewsmisiones.ar\/site\/wp-json\/wp\/v2\/types\/post"}],"author":[{"embeddable":true,"href":"https:\/\/radionewsmisiones.ar\/site\/wp-json\/wp\/v2\/users\/3"}],"replies":[{"embeddable":true,"href":"https:\/\/radionewsmisiones.ar\/site\/wp-json\/wp\/v2\/comments?post=33491"}],"version-history":[{"count":1,"href":"https:\/\/radionewsmisiones.ar\/site\/wp-json\/wp\/v2\/posts\/33491\/revisions"}],"predecessor-version":[{"id":33494,"href":"https:\/\/radionewsmisiones.ar\/site\/wp-json\/wp\/v2\/posts\/33491\/revisions\/33494"}],"wp:featuredmedia":[{"embeddable":true,"href":"https:\/\/radionewsmisiones.ar\/site\/wp-json\/wp\/v2\/media\/33493"}],"wp:attachment":[{"href":"https:\/\/radionewsmisiones.ar\/site\/wp-json\/wp\/v2\/media?parent=33491"}],"wp:term":[{"taxonomy":"category","embeddable":true,"href":"https:\/\/radionewsmisiones.ar\/site\/wp-json\/wp\/v2\/categories?post=33491"},{"taxonomy":"post_tag","embeddable":true,"href":"https:\/\/radionewsmisiones.ar\/site\/wp-json\/wp\/v2\/tags?post=33491"}],"curies":[{"name":"wp","href":"https:\/\/api.w.org\/{rel}","templated":true}]}}