{"id":33499,"date":"2025-06-11T07:47:32","date_gmt":"2025-06-11T10:47:32","guid":{"rendered":"https:\/\/radionewsmisiones.ar\/site\/?p=33499"},"modified":"2025-06-11T07:47:36","modified_gmt":"2025-06-11T10:47:36","slug":"el-partido-obrero-rechaza-la-resolucion-de-la-corte-que-instala-un-regimen-de-proscripcion-politica","status":"publish","type":"post","link":"https:\/\/radionewsmisiones.ar\/site\/nacionales\/el-partido-obrero-rechaza-la-resolucion-de-la-corte-que-instala-un-regimen-de-proscripcion-politica\/","title":{"rendered":"El Partido Obrero rechaza la resoluci\u00f3n de la Corte que instala un r\u00e9gimen de proscripci\u00f3n pol\u00edtica"},"content":{"rendered":"\n<p>El fallo de la Corte Suprema que confirma la condena a Cristina Fern\u00e1ndez de Kirchner y la inhabilita para presentarse como candidata en la provincia de Buenos Aires implica un grave hecho de proscripci\u00f3n pol\u00edtica que debe ser repudiado. Un r\u00e9gimen pol\u00edtico que se apoya sobre la exclusi\u00f3n de opositores del proceso electoral no cumple la m\u00e1s elemental norma de una democracia.<\/p>\n\n\n\n<figure class=\"wp-block-image size-large\"><img loading=\"lazy\" width=\"1024\" height=\"682\" src=\"https:\/\/radionewsmisiones.ar\/site\/wp-content\/uploads\/2025\/06\/Gs4W2-HW8AA6TKt-1024x682.jpg\" alt=\"\" class=\"wp-image-33500\" srcset=\"https:\/\/radionewsmisiones.ar\/site\/wp-content\/uploads\/2025\/06\/Gs4W2-HW8AA6TKt-1024x682.jpg 1024w, https:\/\/radionewsmisiones.ar\/site\/wp-content\/uploads\/2025\/06\/Gs4W2-HW8AA6TKt-300x200.jpg 300w, https:\/\/radionewsmisiones.ar\/site\/wp-content\/uploads\/2025\/06\/Gs4W2-HW8AA6TKt-768x512.jpg 768w, https:\/\/radionewsmisiones.ar\/site\/wp-content\/uploads\/2025\/06\/Gs4W2-HW8AA6TKt.jpg 1280w\" sizes=\"(max-width: 1024px) 100vw, 1024px\" \/><\/figure>\n\n\n\n<p>Los fundamentos de la Corte son un aval a un proceso judicial que no pretende esclarecer la enorme trama de corrupci\u00f3n que reina en Argentina, en el que tienen sus huellas digitales todos los gobiernos y cuyos beneficiarios son los principales empresarios del pa\u00eds. A ellos no se los investig\u00f3 ni siquiera tras la \u00abcausa de los cuadernos\u00bb, como tampoco el fraude de Macri con Correo Argentino o de su primo \u00c1ngelo Calcaterra con el soterramiento del Tren Sarmiento. Lo \u00fanico que motoriza las causas judiciales son los intereses por condicionar el proceso pol\u00edtico, lo cual delata un r\u00e9gimen de proscripci\u00f3n.<\/p>\n\n\n\n<p>Cristina es responsable por las corruptelas evidentes con la obra p\u00fablica durante su gobierno. Pero el Poder Judicial act\u00faa en funci\u00f3n de los intereses pol\u00edticos de las camarillas que operan en su interior. Hay una presi\u00f3n de los grupos capitalistas para proceder a la proscripci\u00f3n de CFK. Tambi\u00e9n hay quienes enmarcan el fallo en los choques entre La Libertad Avanza y el PRO, con Macri quitando a Milei un elemento de polarizaci\u00f3n con el kirchnerismo que lo beneficia en su tentativa de engullirse al resto de las fuerzas pol\u00edticas de derecha. Los derechos del electorado quedan supeditados a estas oscuras pulseadas de los pol\u00edticos capitalistas.<\/p>\n\n\n\n<p>La burocracia sindical que no lucha contra los despidos y cierres de f\u00e1bricas, que firma paritarias con los topes oficiales y no movi\u00f3 un dedo ante el decretazo antihuelga, ahora se acuerda, en algunos gremios, de movilizar por Cristina. En todo caso en un plan de lucha para derrotar toda la ofensiva de Milei, el FMI y los gobernadores, el movimiento obrero puede rechazar la proscripci\u00f3n pol\u00edtica.<\/p>\n\n\n\n<p>El uso de la Justicia para la proscripci\u00f3n de opositores es adem\u00e1s el corolario de su utilizaci\u00f3n para perseguir a luchadores y militantes mediante el armado de causa truchas, cuya mayor expresi\u00f3n es el fraude judicial contra el Polo Obrero. El correlato de un r\u00e9gimen de proscripci\u00f3n es el ataque a las libertades democr\u00e1ticas y los derechos de los trabajadores.<\/p>\n\n\n\n<p><strong>Comit\u00e9 Ejecutivo Partido Obrero<\/strong><\/p>\n","protected":false},"excerpt":{"rendered":"<p>El fallo de la Corte Suprema que confirma la condena a Cristina Fern&aacute;ndez de Kirchner y la inhabilita para presentarse como candidata en la provincia de Buenos Aires implica un&hellip; <\/p>\n","protected":false},"author":3,"featured_media":33500,"comment_status":"closed","ping_status":"closed","sticky":false,"template":"","format":"standard","meta":{"_monsterinsights_skip_tracking":false,"_monsterinsights_sitenote_active":false,"_monsterinsights_sitenote_note":"","_monsterinsights_sitenote_category":0},"categories":[4],"tags":[44,832],"aioseo_notices":[],"_links":{"self":[{"href":"https:\/\/radionewsmisiones.ar\/site\/wp-json\/wp\/v2\/posts\/33499"}],"collection":[{"href":"https:\/\/radionewsmisiones.ar\/site\/wp-json\/wp\/v2\/posts"}],"about":[{"href":"https:\/\/radionewsmisiones.ar\/site\/wp-json\/wp\/v2\/types\/post"}],"author":[{"embeddable":true,"href":"https:\/\/radionewsmisiones.ar\/site\/wp-json\/wp\/v2\/users\/3"}],"replies":[{"embeddable":true,"href":"https:\/\/radionewsmisiones.ar\/site\/wp-json\/wp\/v2\/comments?post=33499"}],"version-history":[{"count":1,"href":"https:\/\/radionewsmisiones.ar\/site\/wp-json\/wp\/v2\/posts\/33499\/revisions"}],"predecessor-version":[{"id":33501,"href":"https:\/\/radionewsmisiones.ar\/site\/wp-json\/wp\/v2\/posts\/33499\/revisions\/33501"}],"wp:featuredmedia":[{"embeddable":true,"href":"https:\/\/radionewsmisiones.ar\/site\/wp-json\/wp\/v2\/media\/33500"}],"wp:attachment":[{"href":"https:\/\/radionewsmisiones.ar\/site\/wp-json\/wp\/v2\/media?parent=33499"}],"wp:term":[{"taxonomy":"category","embeddable":true,"href":"https:\/\/radionewsmisiones.ar\/site\/wp-json\/wp\/v2\/categories?post=33499"},{"taxonomy":"post_tag","embeddable":true,"href":"https:\/\/radionewsmisiones.ar\/site\/wp-json\/wp\/v2\/tags?post=33499"}],"curies":[{"name":"wp","href":"https:\/\/api.w.org\/{rel}","templated":true}]}}