{"id":33506,"date":"2025-06-11T08:00:59","date_gmt":"2025-06-11T11:00:59","guid":{"rendered":"https:\/\/radionewsmisiones.ar\/site\/?p=33506"},"modified":"2025-06-11T08:01:12","modified_gmt":"2025-06-11T11:01:12","slug":"la-camara-de-representantes-visito-el-instituto-santa-lucia-con-una-jornada-educativa-e-interactiva","status":"publish","type":"post","link":"https:\/\/radionewsmisiones.ar\/site\/provinciales\/la-camara-de-representantes-visito-el-instituto-santa-lucia-con-una-jornada-educativa-e-interactiva\/","title":{"rendered":"La C\u00e1mara de Representantes visit\u00f3 el Instituto Santa Luc\u00eda con una jornada educativa e interactiva\u00a0"},"content":{"rendered":"\n<p><strong>En el marco del programa \u201cLa Legislatura en tu escuela\u201d, estudiantes de 6\u00b0 y 7\u00b0 grado,<\/strong> <strong>del Instituto Santa Luc\u00eda<\/strong>, <strong>de los turnos ma\u00f1ana y tarde, participaron de una jornada educativa en la que aprendieron sobre la historia y el funcionamiento de la C\u00e1mara de Representantes. La actividad incluy\u00f3 una charla informativa acerca de la labor parlamentaria, se interiorizaron sobre la promesa a la bandera y el compromiso con el cuidado del medio ambiente, finalizando con una propuesta l\u00fadica a trav\u00e9s del juego interactivo Kahoot!.<\/strong><\/p>\n\n\n\n<figure class=\"wp-block-image size-large\"><img loading=\"lazy\" width=\"1024\" height=\"769\" src=\"https:\/\/radionewsmisiones.ar\/site\/wp-content\/uploads\/2025\/06\/dsc000141-1024x769.jpeg\" alt=\"\" class=\"wp-image-33507\" srcset=\"https:\/\/radionewsmisiones.ar\/site\/wp-content\/uploads\/2025\/06\/dsc000141-1024x769.jpeg 1024w, https:\/\/radionewsmisiones.ar\/site\/wp-content\/uploads\/2025\/06\/dsc000141-300x225.jpeg 300w, https:\/\/radionewsmisiones.ar\/site\/wp-content\/uploads\/2025\/06\/dsc000141-768x576.jpeg 768w, https:\/\/radionewsmisiones.ar\/site\/wp-content\/uploads\/2025\/06\/dsc000141-1536x1153.jpeg 1536w, https:\/\/radionewsmisiones.ar\/site\/wp-content\/uploads\/2025\/06\/dsc000141.jpeg 1600w\" sizes=\"(max-width: 1024px) 100vw, 1024px\" \/><\/figure>\n\n\n\n<p>Gladys Beatriz Pess\u00fa, directora del Instituto, destac\u00f3 la importancia de este tipo de iniciativas: \u201cEs una hermosa oportunidad para que los alumnos conozcan c\u00f3mo es la rutina, el trabajo en la C\u00e1mara, c\u00f3mo est\u00e1 conformada, cu\u00e1l es el rol de los diputados\u201d, afirm\u00f3. Y agreg\u00f3: \u201cLa verdad que es una linda oportunidad que la C\u00e1mara se acerque a las escuelas y comparta con la comunidad educativa\u201d.<\/p>\n\n\n\n<p>Respecto a la participaci\u00f3n de los estudiantes, la directora se mostr\u00f3 entusiasmada: \u201cSe los ve muy felices, muy contentos, muy participativos. Creo que va a marcar en su vida este encuentro, y va a generar en ellos tambi\u00e9n las ganas de comprometerse y continuar aprendiendo\u201d, sostuvo. Y concluy\u00f3 con una reflexi\u00f3n esperanzadora: \u201cQui\u00e9n te dice, alg\u00fan d\u00eda tambi\u00e9n puedan llegar a ser parte de esa C\u00e1mara\u201d.<\/p>\n\n\n\n<p>La propuesta de la C\u00e1mara de Representantes busca acercar a los ni\u00f1os y j\u00f3venes al \u00e1mbito legislativo, promoviendo la participaci\u00f3n ciudadana y el compromiso con los valores democr\u00e1ticos desde la escuela. La maestra de s\u00e9ptimo grado, Mar\u00eda Pedrozo se\u00f1al\u00f3 que \u00abse reforzaron todos los contenidos que se trabajaron en clase, y con el soporte gr\u00e1fico utilizado considero que los chicos los fijar\u00e1n mejor\u00bb.<\/p>\n\n\n\n<p>Manifest\u00f3 que \u00ablos ni\u00f1os no se van a olvidar de esto,&nbsp; y el juego que hicieron al final, para ellos fue genial. Ojal\u00e1 que este tipo de actividades se repita el a\u00f1o que viene porque los chicos se llevan algo muy bueno de esto\u00bb.<\/p>\n\n\n\n<p>Los estudiantes tambi\u00e9n compartieron sus impresiones. Santino Ezequiel Maidana destac\u00f3: \u201cAprend\u00ed sobre la Constituci\u00f3n, que tenemos varios diputados y las diferentes leyes\u201d. Por su parte, Juliana Abigail Fern\u00e1ndez Alonso coment\u00f3: \u201cEstuvo muy buena la charla. Me gust\u00f3 mucho la parte final del juego, estuvo muy copado\u201d. En tanto, Samir Abril Alegre valor\u00f3 la claridad de los contenidos: \u201cNos explicaban cada paso. Nos ense\u00f1aron mucho y lo que nos ense\u00f1aron estuvo muy completo\u00bb.<\/p>\n","protected":false},"excerpt":{"rendered":"<p>En el marco del programa &ldquo;La Legislatura en tu escuela&rdquo;, estudiantes de 6&deg; y 7&deg; grado, del Instituto Santa Luc&iacute;a, de los turnos ma&ntilde;ana y tarde, participaron de una jornada&hellip; <\/p>\n","protected":false},"author":3,"featured_media":33507,"comment_status":"closed","ping_status":"closed","sticky":false,"template":"","format":"standard","meta":{"_monsterinsights_skip_tracking":false,"_monsterinsights_sitenote_active":false,"_monsterinsights_sitenote_note":"","_monsterinsights_sitenote_category":0},"categories":[3],"tags":[7],"aioseo_notices":[],"_links":{"self":[{"href":"https:\/\/radionewsmisiones.ar\/site\/wp-json\/wp\/v2\/posts\/33506"}],"collection":[{"href":"https:\/\/radionewsmisiones.ar\/site\/wp-json\/wp\/v2\/posts"}],"about":[{"href":"https:\/\/radionewsmisiones.ar\/site\/wp-json\/wp\/v2\/types\/post"}],"author":[{"embeddable":true,"href":"https:\/\/radionewsmisiones.ar\/site\/wp-json\/wp\/v2\/users\/3"}],"replies":[{"embeddable":true,"href":"https:\/\/radionewsmisiones.ar\/site\/wp-json\/wp\/v2\/comments?post=33506"}],"version-history":[{"count":1,"href":"https:\/\/radionewsmisiones.ar\/site\/wp-json\/wp\/v2\/posts\/33506\/revisions"}],"predecessor-version":[{"id":33508,"href":"https:\/\/radionewsmisiones.ar\/site\/wp-json\/wp\/v2\/posts\/33506\/revisions\/33508"}],"wp:featuredmedia":[{"embeddable":true,"href":"https:\/\/radionewsmisiones.ar\/site\/wp-json\/wp\/v2\/media\/33507"}],"wp:attachment":[{"href":"https:\/\/radionewsmisiones.ar\/site\/wp-json\/wp\/v2\/media?parent=33506"}],"wp:term":[{"taxonomy":"category","embeddable":true,"href":"https:\/\/radionewsmisiones.ar\/site\/wp-json\/wp\/v2\/categories?post=33506"},{"taxonomy":"post_tag","embeddable":true,"href":"https:\/\/radionewsmisiones.ar\/site\/wp-json\/wp\/v2\/tags?post=33506"}],"curies":[{"name":"wp","href":"https:\/\/api.w.org\/{rel}","templated":true}]}}