{"id":33509,"date":"2025-06-11T09:54:30","date_gmt":"2025-06-11T12:54:30","guid":{"rendered":"https:\/\/radionewsmisiones.ar\/site\/?p=33509"},"modified":"2025-06-11T09:54:42","modified_gmt":"2025-06-11T12:54:42","slug":"de-misiones-al-mundo-hoy-se-estrena-por-tu-bien-un-thriller-psicologico-con-sello-y-talento-misioneros-que-ya-recorre-festivales-internacionales","status":"publish","type":"post","link":"https:\/\/radionewsmisiones.ar\/site\/provinciales\/de-misiones-al-mundo-hoy-se-estrena-por-tu-bien-un-thriller-psicologico-con-sello-y-talento-misioneros-que-ya-recorre-festivales-internacionales\/","title":{"rendered":"De Misiones al mundo: hoy se estrena \u201cPor tu bien\u201d, un thriller psicol\u00f3gico con sello y talento misioneros que ya recorre festivales internacionales"},"content":{"rendered":"\n<p>Una historia intensa y profundamente enraizada en Misiones, \u201cPor tu bien\u201d es un thriller psicol\u00f3gico dirigido por Axel Mons\u00fa y protagonizado por Sabrina Melgarejo. Filmada en escenarios naturales de la provincia y con una producci\u00f3n que combina talento regional con una est\u00e9tica cuidada, la pel\u00edcula ya ha sido reconocida en festivales internacionales y comienza ahora su recorrido en salas de Misiones y Buenos Aires, consolidando el cine misionero en la escena nacional e internacional.<\/p>\n\n\n\n<figure class=\"wp-block-image size-large\"><img loading=\"lazy\" width=\"1020\" height=\"1024\" src=\"https:\/\/radionewsmisiones.ar\/site\/wp-content\/uploads\/2025\/06\/WhatsApp-Image-2025-06-11-at-09.52.03-1020x1024.jpeg\" alt=\"\" class=\"wp-image-33510\" srcset=\"https:\/\/radionewsmisiones.ar\/site\/wp-content\/uploads\/2025\/06\/WhatsApp-Image-2025-06-11-at-09.52.03-1020x1024.jpeg 1020w, https:\/\/radionewsmisiones.ar\/site\/wp-content\/uploads\/2025\/06\/WhatsApp-Image-2025-06-11-at-09.52.03-300x300.jpeg 300w, https:\/\/radionewsmisiones.ar\/site\/wp-content\/uploads\/2025\/06\/WhatsApp-Image-2025-06-11-at-09.52.03-150x150.jpeg 150w, https:\/\/radionewsmisiones.ar\/site\/wp-content\/uploads\/2025\/06\/WhatsApp-Image-2025-06-11-at-09.52.03-768x771.jpeg 768w, https:\/\/radionewsmisiones.ar\/site\/wp-content\/uploads\/2025\/06\/WhatsApp-Image-2025-06-11-at-09.52.03-1529x1536.jpeg 1529w, https:\/\/radionewsmisiones.ar\/site\/wp-content\/uploads\/2025\/06\/WhatsApp-Image-2025-06-11-at-09.52.03.jpeg 1593w\" sizes=\"(max-width: 1020px) 100vw, 1020px\" \/><\/figure>\n\n\n\n<p>La pel\u00edcula \u201cPor tu bien\u201d, dirigida por el misionero Axel Mons\u00fa y protagonizada por la actriz obere\u00f1a Sabrina Melgarejo, tendr\u00e1 su avant premiere hoy, y comenzar\u00e1 su exhibici\u00f3n en salas a partir de esta semana, con funciones de estreno en Misiones y Buenos Aires. Producida por la Productora de la Tierra, y filmada en escenarios naturales de la provincia, se trata de una propuesta que emociona, interpela y visibiliza, desde el lenguaje cinematogr\u00e1fico, realidades que merecen ser contadas y escuchadas.<\/p>\n\n\n\n<p>Por tu bien representa un hito en la carrera de Mons\u00fa: es su \u00f3pera prima de ficci\u00f3n como director, tras una extensa trayectoria como gestor cultural, realizador, guionista y director de arte. La historia nace de una conversaci\u00f3n real con una mujer que vivi\u00f3 los hechos que inspiraron el gui\u00f3n. Para Mons\u00fa, filmar esta historia fue una necesidad creativa y personal: \u201cEn ella coexisten c\u00f3digos del presente y el pasado, realidades absurdas que te llevan de la risa a la angustia, pero finalmente hacia la libertad. Por eso me cautiv\u00f3 la historia\u201d, asegur\u00f3.<\/p>\n\n\n\n<p>La avant premiere ser\u00e1 hoy, mi\u00e9rcoles 11 de junio, a las 19,30 hs., en el IMAX del Conocimiento de Posadas, en el marco del ciclo \u201cMandioca, cine hecho ac\u00e1\u201d. A partir del jueves 12, la pel\u00edcula se estrenar\u00e1 en CABA, con funciones diarias a las 20,15 hs. en el Cine Gaumont \u2013 Sala 2, y en Posadas en el Cine Las Tipas, todos los d\u00edas a las 21 hs., hasta el 18 de junio. En Ober\u00e1, se proyectar\u00e1 en el Cine Teatro Espacio INCAA del 19 al 22 y del 26 al 29 de junio, con funciones los jueves y viernes a las 15 y 21 hs., y los fines de semana a las 19 y 21 hs.<\/p>\n\n\n\n<p>Tambi\u00e9n habr\u00e1 funciones especiales en distintas localidades misioneras: en Colonia Alberdi, una de las locaciones del rodaje, se presentar\u00e1 el s\u00e1bado 14 de junio a las 19,30 hs. en el Polideportivo Municipal; en Puerto Rico, el domingo 22 de junio a las 20 hs. en el Cine Teatro Municipal San Mart\u00edn; y en Eldorado, el s\u00e1bado 28 de junio a las 20 hs. en la Sala Mbop\u00ed.<\/p>\n\n\n\n<p>\u201cEs una pel\u00edcula intensa, pensada para mayores de 13 a\u00f1os, llena de rostros y paisajes que seguramente van a gustar\u201d, destac\u00f3 Mons\u00fa, quien subray\u00f3 adem\u00e1s la buena recepci\u00f3n en festivales internacionales, donde la pel\u00edcula obtuvo el voto del p\u00fablico en el Festival de la Frontera (Brasil), y el premio a la mejor direcci\u00f3n de arte.<\/p>\n\n\n\n<p>El realizador tambi\u00e9n resalt\u00f3 la apuesta por apropiarse de g\u00e9neros cinematogr\u00e1ficos globales desde una identidad regional: \u201cPodemos asumir cualquier g\u00e9nero y darle nuestra propia impronta en Misiones. Por tu bien es un thriller psicol\u00f3gico, un drama con acento misionero\u201d, sostuvo.<\/p>\n\n\n\n<p>Respecto al v\u00ednculo con su tierra, Mons\u00fa remarc\u00f3 que la pel\u00edcula es fruto de un largo proceso que comenz\u00f3 en 2004, cuando conoci\u00f3 la historia real que lo inspir\u00f3. \u201cEn aquel momento hubiera sido imposible filmarla; no exist\u00edan las herramientas ni las condiciones. La construcci\u00f3n de pol\u00edticas audiovisuales como la Ley Provincial de Cine y el IAAviM, junto con la Ley Nacional, hicieron posible que una peque\u00f1a productora como la nuestra pudiera realizar cine de esta calidad\u201d, explic\u00f3.<\/p>\n\n\n\n<p>Sobre el rodaje en Misiones, Mons\u00fa destac\u00f3 que aprovecharon \u201ctodo lo que ofrece la tierra colorada\u201d, desde sus paisajes hasta su m\u00fasica y su gente, para contar una historia \u201c100% nuestra\u201d.<\/p>\n\n\n\n<p>UNA PEL\u00cdCULA QUE EVIDENCIA EL TALENTO MISIONERO<\/p>\n\n\n\n<p>La actriz Sabrina Melgarejo interpreta a Zulma, la protagonista de esta historia: una adolescente atrapada en una red de silencios, mandatos y violencias. El proceso actoral implic\u00f3 una entrega emocional profunda y un fuerte compromiso con el mensaje de la pel\u00edcula.<\/p>\n\n\n\n<p>\u201cTuve la oportunidad de trabajar con gente muy apasionada por lo que hace, y para quienes estamos comenzando, estar rodeada de esa pasi\u00f3n es fundamental. No podr\u00eda haber elegido un mejor momento ni una mejor experiencia para animarme a este desaf\u00edo\u201d, expres\u00f3.<\/p>\n\n\n\n<p>En cuanto a su proyecci\u00f3n profesional y las oportunidades para j\u00f3venes actores en la provincia, Sabrina reflexion\u00f3: \u201cTuve la suerte de estar en el momento justo para hacer el casting. Siempre tuve miedo, escuchaba que deb\u00eda irme a Buenos Aires o a una ciudad m\u00e1s grande para conseguir este tipo de papeles. Me gustar\u00eda que ac\u00e1 haya m\u00e1s oportunidades. Por eso tambi\u00e9n es importante que los j\u00f3venes se animen a crear, a escribir guiones, a imaginar proyectos audiovisuales, y que entre nosotros nos demos la oportunidad de ganar experiencia, aunque no siempre sea remunerada. La experiencia siempre suma\u201d.<\/p>\n\n\n\n<p>FICHA T\u00c9CNICA<br>T\u00edtulo: Por tu bien<br>Duraci\u00f3n: 77 minutos<br>G\u00e9nero: Ficci\u00f3n, drama, thriller psicol\u00f3gico<br>Clasificaci\u00f3n: PM13<br>Idioma: Espa\u00f1ol<br>Direcci\u00f3n: Axel Mons\u00fa<br>Gui\u00f3n: Axel Mons\u00fa, Sergio Acosta<br>Producci\u00f3n ejecutiva: Luc\u00eda Alcain<br>Producci\u00f3n: Productora de la Tierra<br>Pa\u00eds de origen: Argentina<br>A\u00f1o de finalizaci\u00f3n: 2024<br>Fecha de estreno en Argentina: 12 de junio de 2025<br>Festivales: Florian\u00f3polis Audiovisual Mercosul (Brasil), Festival Internacional de Mar del Plata, Festival Internacional de Mosc\u00fa, Festival de la Frontera (Brasil)<\/p>\n\n\n\n<p>EQUIPO T\u00c9CNICO:<\/p>\n\n\n\n<p>Direcci\u00f3n de fotograf\u00eda: Guillermo Rovira (ADF)<\/p>\n\n\n\n<p>C\u00e1mara: Guillermo Rovira, I\u00f1aki Echeverr\u00eda<\/p>\n\n\n\n<p>Montaje: Guillermo Rovira<\/p>\n\n\n\n<p>Dise\u00f1o de sonido: Hern\u00e1n Ruiz Navarrete<\/p>\n\n\n\n<p>Direcci\u00f3n de arte: Eduardo Garc\u00eda<\/p>\n\n\n\n<p>Dise\u00f1o de vestuario: Makarena Bord\u00f3n<\/p>\n\n\n\n<p>Jefa de maquillaje: M\u00f3nica Acu\u00f1a<\/p>\n\n\n\n<p>Asistente de direcci\u00f3n: Sergio Acosta<\/p>\n\n\n\n<p>Jefe de producci\u00f3n: Juan Ferreira<\/p>\n\n\n\n<p>ELENCO:<br>Zulma: Sabrina Melgarejo<\/p>\n\n\n\n<p>David: Jabes Alatiel Mulka<\/p>\n\n\n\n<p>Don Prette: Gast\u00f3n Ricaud<\/p>\n\n\n\n<p>Do\u00f1a Prette: Cynthia Krawczyk<\/p>\n\n\n\n<p>Nadia: Camila Kreinibig<\/p>\n\n\n\n<p>Do\u00f1a Silva: Gicela M\u00e9ndez Ribeir<\/p>\n\n\n\n<p>Don Silva: Juan Ram\u00f3n N\u00fa\u00f1ez<\/p>\n","protected":false},"excerpt":{"rendered":"<p>Una historia intensa y profundamente enraizada en Misiones, &ldquo;Por tu bien&rdquo; es un thriller psicol&oacute;gico dirigido por Axel Mons&uacute; y protagonizado por Sabrina Melgarejo. Filmada en escenarios naturales de la&hellip; <\/p>\n","protected":false},"author":3,"featured_media":33511,"comment_status":"closed","ping_status":"closed","sticky":false,"template":"","format":"standard","meta":{"_monsterinsights_skip_tracking":false,"_monsterinsights_sitenote_active":false,"_monsterinsights_sitenote_note":"","_monsterinsights_sitenote_category":0},"categories":[3],"tags":[316],"aioseo_notices":[],"_links":{"self":[{"href":"https:\/\/radionewsmisiones.ar\/site\/wp-json\/wp\/v2\/posts\/33509"}],"collection":[{"href":"https:\/\/radionewsmisiones.ar\/site\/wp-json\/wp\/v2\/posts"}],"about":[{"href":"https:\/\/radionewsmisiones.ar\/site\/wp-json\/wp\/v2\/types\/post"}],"author":[{"embeddable":true,"href":"https:\/\/radionewsmisiones.ar\/site\/wp-json\/wp\/v2\/users\/3"}],"replies":[{"embeddable":true,"href":"https:\/\/radionewsmisiones.ar\/site\/wp-json\/wp\/v2\/comments?post=33509"}],"version-history":[{"count":1,"href":"https:\/\/radionewsmisiones.ar\/site\/wp-json\/wp\/v2\/posts\/33509\/revisions"}],"predecessor-version":[{"id":33512,"href":"https:\/\/radionewsmisiones.ar\/site\/wp-json\/wp\/v2\/posts\/33509\/revisions\/33512"}],"wp:featuredmedia":[{"embeddable":true,"href":"https:\/\/radionewsmisiones.ar\/site\/wp-json\/wp\/v2\/media\/33511"}],"wp:attachment":[{"href":"https:\/\/radionewsmisiones.ar\/site\/wp-json\/wp\/v2\/media?parent=33509"}],"wp:term":[{"taxonomy":"category","embeddable":true,"href":"https:\/\/radionewsmisiones.ar\/site\/wp-json\/wp\/v2\/categories?post=33509"},{"taxonomy":"post_tag","embeddable":true,"href":"https:\/\/radionewsmisiones.ar\/site\/wp-json\/wp\/v2\/tags?post=33509"}],"curies":[{"name":"wp","href":"https:\/\/api.w.org\/{rel}","templated":true}]}}