{"id":33673,"date":"2025-06-23T09:51:06","date_gmt":"2025-06-23T12:51:06","guid":{"rendered":"https:\/\/radionewsmisiones.ar\/site\/?p=33673"},"modified":"2025-06-23T09:51:18","modified_gmt":"2025-06-23T12:51:18","slug":"maraton-posadas-2025-se-encuentra-vigente-el-primer-periodo-de-inscripciones","status":"publish","type":"post","link":"https:\/\/radionewsmisiones.ar\/site\/provinciales\/maraton-posadas-2025-se-encuentra-vigente-el-primer-periodo-de-inscripciones\/","title":{"rendered":"Marat\u00f3n Posadas 2025: Se encuentra vigente el primer periodo de inscripciones"},"content":{"rendered":"\n<p>Con una serie de ofertas promocionales, contin\u00faan habilitadas las inscripciones a la competencia a celebrarse el pr\u00f3ximo 10 de agosto. Rige el primer periodo de acreditaciones por lo que se invita a los interesados a sumarse y aprovechar las ventajas de esta instancia.<\/p>\n\n\n\n<figure class=\"wp-block-image size-large\"><img loading=\"lazy\" width=\"1024\" height=\"682\" src=\"https:\/\/radionewsmisiones.ar\/site\/wp-content\/uploads\/2025\/06\/WhatsApp-Image-2025-06-23-at-09.49.05-1024x682.jpeg\" alt=\"\" class=\"wp-image-33674\" srcset=\"https:\/\/radionewsmisiones.ar\/site\/wp-content\/uploads\/2025\/06\/WhatsApp-Image-2025-06-23-at-09.49.05-1024x682.jpeg 1024w, https:\/\/radionewsmisiones.ar\/site\/wp-content\/uploads\/2025\/06\/WhatsApp-Image-2025-06-23-at-09.49.05-300x200.jpeg 300w, https:\/\/radionewsmisiones.ar\/site\/wp-content\/uploads\/2025\/06\/WhatsApp-Image-2025-06-23-at-09.49.05-768x512.jpeg 768w, https:\/\/radionewsmisiones.ar\/site\/wp-content\/uploads\/2025\/06\/WhatsApp-Image-2025-06-23-at-09.49.05-1536x1023.jpeg 1536w, https:\/\/radionewsmisiones.ar\/site\/wp-content\/uploads\/2025\/06\/WhatsApp-Image-2025-06-23-at-09.49.05.jpeg 1600w\" sizes=\"(max-width: 1024px) 100vw, 1024px\" \/><\/figure>\n\n\n\n<p>La Marat\u00f3n Posadas 2025 est\u00e1 cada vez m\u00e1s cerca y desde la Municipalidad de Posadas recuerdan que el 1\u00b0 per\u00edodo de inscripciones se encuentra vigente. La misma desde su habilitaci\u00f3n cuenta con precios promocionales hasta el 9 de julio con montos a saber:<\/p>\n\n\n\n<p>5K: $15.000<br>10K: $20.000<br>21K y 42K: $30.000<\/p>\n\n\n\n<p>Los mismos se pueden abonar en dos cuotas del 50% del valor total, con el beneficio de que pagando la primera, se congela el precio. Es importante aclarar que a partir del segundo periodo los precios se ver\u00e1n modificados.<\/p>\n\n\n\n<p>Adem\u00e1s se recuerda que la categor\u00eda Deporte Adaptado no abona inscripci\u00f3n, y los estudiantes universitarios, jubilados o empleados municipales, tienen un descuento del 30% . Del mismo modo, los grupos de 15 o m\u00e1s corredores, tienen una rebaja del 15%.<\/p>\n\n\n\n<p>Las inscripciones pueden realizarse de manera online ingresando al link: https:\/\/maratonposadas.tierrarojasoft.com\/inicio. Ante cualquier duda o consulta comunicarse al n\u00famero 3764857002.<br>La Marat\u00f3n 2025 cuyo lema es \u201cVen\u00ed a correr la ciudad m\u00e1s linda del nordeste\u201d se llevar\u00e1 a cabo el pr\u00f3ximo 10 de agosto y en ella se esperan competidores de distintos puntos del pa\u00eds y de pa\u00edses lim\u00edtrofes. Por tal motivo estas instancias resultan una oportunidad propicia para asegurarse un lugar en la competencia que ya presenta su cuarta edici\u00f3n en la ciudad.<\/p>\n\n\n\n<p>\u00daltima fecha del Re Corro Posadas en Itaemb\u00e9 Guaz\u00fa<\/p>\n\n\n\n<p>En este marco, el pr\u00f3ximo domingo 6 de julio se disputar\u00e1 la cuarta y \u00faltima fecha puntuable del campeonato de carreras de calle Re Corro Posadas IV, que definir\u00e1 a los campeones en las distintas categor\u00edas en 10K. La cita ser\u00e1 a partir de las 9 hs en el barrio Itaemb\u00e9 Guaz\u00fa y contar\u00e1 tambi\u00e9n con competencias en las distancias de 5K y Kids.<\/p>\n\n\n\n<p>Las inscripciones ya se encuentran abiertas y pueden realizarse de manera online a trav\u00e9s del sitio recorroposadas4.tierrarojasoft.com. En tanto, las acreditaciones para competidores locales se realizar\u00e1n el s\u00e1bado 5 de julio, de 15 a 18 hs, en el Polideportivo Finito Gehrmann.<\/p>\n\n\n\n<p>El evento contar\u00e1 nuevamente con fiscalizaci\u00f3n electr\u00f3nica, garantizando precisi\u00f3n en los tiempos y resultados de cada corredor. Para conocer m\u00e1s detalles del cronograma y actividades complementarias, se recomienda consultar la informaci\u00f3n disponible en las redes oficiales del campeonato o comunic\u00e1ndose al n\u00famero 3764857002 .<\/p>\n","protected":false},"excerpt":{"rendered":"<p>Con una serie de ofertas promocionales, contin&uacute;an habilitadas las inscripciones a la competencia a celebrarse el pr&oacute;ximo 10 de agosto. Rige el primer periodo de acreditaciones por lo que se&hellip; <\/p>\n","protected":false},"author":3,"featured_media":33674,"comment_status":"closed","ping_status":"closed","sticky":false,"template":"","format":"standard","meta":{"_monsterinsights_skip_tracking":false,"_monsterinsights_sitenote_active":false,"_monsterinsights_sitenote_note":"","_monsterinsights_sitenote_category":0},"categories":[3],"tags":[22],"aioseo_notices":[],"_links":{"self":[{"href":"https:\/\/radionewsmisiones.ar\/site\/wp-json\/wp\/v2\/posts\/33673"}],"collection":[{"href":"https:\/\/radionewsmisiones.ar\/site\/wp-json\/wp\/v2\/posts"}],"about":[{"href":"https:\/\/radionewsmisiones.ar\/site\/wp-json\/wp\/v2\/types\/post"}],"author":[{"embeddable":true,"href":"https:\/\/radionewsmisiones.ar\/site\/wp-json\/wp\/v2\/users\/3"}],"replies":[{"embeddable":true,"href":"https:\/\/radionewsmisiones.ar\/site\/wp-json\/wp\/v2\/comments?post=33673"}],"version-history":[{"count":1,"href":"https:\/\/radionewsmisiones.ar\/site\/wp-json\/wp\/v2\/posts\/33673\/revisions"}],"predecessor-version":[{"id":33675,"href":"https:\/\/radionewsmisiones.ar\/site\/wp-json\/wp\/v2\/posts\/33673\/revisions\/33675"}],"wp:featuredmedia":[{"embeddable":true,"href":"https:\/\/radionewsmisiones.ar\/site\/wp-json\/wp\/v2\/media\/33674"}],"wp:attachment":[{"href":"https:\/\/radionewsmisiones.ar\/site\/wp-json\/wp\/v2\/media?parent=33673"}],"wp:term":[{"taxonomy":"category","embeddable":true,"href":"https:\/\/radionewsmisiones.ar\/site\/wp-json\/wp\/v2\/categories?post=33673"},{"taxonomy":"post_tag","embeddable":true,"href":"https:\/\/radionewsmisiones.ar\/site\/wp-json\/wp\/v2\/tags?post=33673"}],"curies":[{"name":"wp","href":"https:\/\/api.w.org\/{rel}","templated":true}]}}