{"id":33687,"date":"2025-06-24T07:16:38","date_gmt":"2025-06-24T10:16:38","guid":{"rendered":"https:\/\/radionewsmisiones.ar\/site\/?p=33687"},"modified":"2025-06-24T07:17:09","modified_gmt":"2025-06-24T10:17:09","slug":"historico-passalacqua-firmo-junto-a-otros-gobernadores-un-proyecto-de-ley-para-redefinir-la-distribucion-de-fondos-nacionales","status":"publish","type":"post","link":"https:\/\/radionewsmisiones.ar\/site\/provinciales\/historico-passalacqua-firmo-junto-a-otros-gobernadores-un-proyecto-de-ley-para-redefinir-la-distribucion-de-fondos-nacionales\/","title":{"rendered":"Hist\u00f3rico: Passalacqua firm\u00f3 junto a otros gobernadores un proyecto de ley para redefinir la distribuci\u00f3n de fondos nacionales"},"content":{"rendered":"\n<p>El gobernador Hugo Passalacqua particip\u00f3 del encuentro de mandatarios en el Consejo Federal de Inversiones donde se firm\u00f3 un proyecto de ley que ser\u00e1 presentado al Congreso para modificar la asignaci\u00f3n de recursos fiscales nacionales.<\/p>\n\n\n\n<figure class=\"wp-block-image size-full\"><img loading=\"lazy\" width=\"862\" height=\"574\" src=\"https:\/\/radionewsmisiones.ar\/site\/wp-content\/uploads\/2025\/06\/WhatsApp-Image-2025-06-23-at-19.31.32.jpeg\" alt=\"\" class=\"wp-image-33688\" srcset=\"https:\/\/radionewsmisiones.ar\/site\/wp-content\/uploads\/2025\/06\/WhatsApp-Image-2025-06-23-at-19.31.32.jpeg 862w, https:\/\/radionewsmisiones.ar\/site\/wp-content\/uploads\/2025\/06\/WhatsApp-Image-2025-06-23-at-19.31.32-300x200.jpeg 300w, https:\/\/radionewsmisiones.ar\/site\/wp-content\/uploads\/2025\/06\/WhatsApp-Image-2025-06-23-at-19.31.32-768x511.jpeg 768w\" sizes=\"(max-width: 862px) 100vw, 862px\" \/><\/figure>\n\n\n\n<p>Gobernadores y representantes de las provincias se reunieron este lunes en la sede del Consejo Federal de Inversiones (CFI), en la Ciudad Aut\u00f3noma de Buenos Aires, para avanzar en una agenda com\u00fan vinculada a la distribuci\u00f3n de recursos fiscales. En ese marco, firmaron una propuesta legislativa que ser\u00e1 presentada al Congreso de la Naci\u00f3n, con el objetivo de actualizar los criterios de asignaci\u00f3n del impuesto a los combustibles l\u00edquidos y del Fondo de Aportes del Tesoro Nacional (ATN).<\/p>\n\n\n\n<p>Desde su cuenta oficial en la red social X (ex Twitter), el gobernador Hugo Passalacqua expres\u00f3: \u201cLos gobernadores reunidos en el @CFI acordamos firmar una presentaci\u00f3n en el Congreso de la Naci\u00f3n para establecer nuevos par\u00e1metros de distribuci\u00f3n de los Aportes del Tesoro Nacional que corresponden a las provincias, as\u00ed como la distribuci\u00f3n equitativa de fondos fiduciarios dentro del marco de un profundo esp\u00edritu federal.\u201d<\/p>\n\n\n\n<p>En esa l\u00ednea, Passalacqua destac\u00f3 el consenso alcanzado entre los mandatarios y valor\u00f3 el sentido institucional de la propuesta: \u201cFirmar todos juntos un proyecto de ley con este nivel de consenso y sentido federal es hist\u00f3rico. En s\u00ed mismo, ya es una victoria para el federalismo\u201d, afirm\u00f3.<\/p>\n\n\n\n<p>El proyecto propone modificar la Ley 23.966 para redistribuir lo recaudado por el impuesto a los combustibles l\u00edquidos de la siguiente manera: 58,36 % a las provincias, 10,40 % al Tesoro Nacional, 28,69 % al Sistema \u00danico de Seguridad Social, y 2,55 % a la compensaci\u00f3n del transporte p\u00fablico. Tambi\u00e9n se incluye la disoluci\u00f3n de fondos fiduciarios como el Fondo Fiduciario del Sistema de Infraestructura del Transporte (FFSIT) y el Fondo Fiduciario de Infraestructura H\u00eddrica (FFIH).<\/p>\n\n\n\n<p>Asimismo, el proyecto propone una modificaci\u00f3n del art\u00edculo 5\u00ba de la Ley 23.548 para que el Fondo de Aportes del Tesoro Nacional se destine a atender situaciones de emergencia y desequilibrios financieros, y se asigne de manera espec\u00edfica entre la Naci\u00f3n, las provincias y la Ciudad Aut\u00f3noma de Buenos Aires conforme a los art\u00edculos 3\u00ba y 4\u00ba de la Ley de Coparticipaci\u00f3n Federal. Seg\u00fan el texto, \u201cel Fondo de Aportes del Tesoro Nacional. Se destinar\u00e1 a atender situaciones de emergencia y desequilibrios financieros y se asignar\u00e1 espec\u00edficamente entre la Naci\u00f3n, las Provincias y la Ciudad Aut\u00f3noma de Buenos Aires. Se distribuir\u00e1 en forma autom\u00e1tica y diaria seg\u00fan las previsiones del art\u00edculo 6\u00b0 de la presente.\u201d<\/p>\n\n\n\n<p>Participaron del encuentro los gobernadores Axel Kicillof (Buenos Aires), Jorge Macri (Ciudad Aut\u00f3noma de Buenos Aires), Alfredo Cornejo (Mendoza), Maximiliano Pullaro (Santa Fe), Mart\u00edn Llaryora (C\u00f3rdoba), Alberto Weretilneck (R\u00edo Negro), Sergio Ziliotto (La Pampa), Ra\u00fal Jalil (Catamarca), Rogelio Frigerio (Entre R\u00edos), Ignacio Torres (Chubut), Osvaldo Jaldo (Tucum\u00e1n), Claudio Poggi (San Luis), Marcelo Orrego (San Juan), Carlos Sadir (Jujuy) y Gustavo S\u00e1enz (Salta), adem\u00e1s del gobernador Hugo Passalacqua. En representaci\u00f3n de sus provincias tambi\u00e9n asistieron las vicegobernadoras y vicegobernadores Silvana Schneider (Chaco), Teresita Madera (La Rioja) y Fabi\u00e1n Leguizam\u00f3n (Santa Cruz). Por parte del Gobierno nacional participaron el secretario de Interior, Lisandro Catal\u00e1n, y el secretario de Hacienda, Carlos Guberman.<\/p>\n","protected":false},"excerpt":{"rendered":"<p>El gobernador Hugo Passalacqua particip&oacute; del encuentro de mandatarios en el Consejo Federal de Inversiones donde se firm&oacute; un proyecto de ley que ser&aacute; presentado al Congreso para modificar la&hellip; <\/p>\n","protected":false},"author":3,"featured_media":33689,"comment_status":"closed","ping_status":"closed","sticky":false,"template":"","format":"standard","meta":{"_monsterinsights_skip_tracking":false,"_monsterinsights_sitenote_active":false,"_monsterinsights_sitenote_note":"","_monsterinsights_sitenote_category":0},"categories":[3],"tags":[316],"aioseo_notices":[],"_links":{"self":[{"href":"https:\/\/radionewsmisiones.ar\/site\/wp-json\/wp\/v2\/posts\/33687"}],"collection":[{"href":"https:\/\/radionewsmisiones.ar\/site\/wp-json\/wp\/v2\/posts"}],"about":[{"href":"https:\/\/radionewsmisiones.ar\/site\/wp-json\/wp\/v2\/types\/post"}],"author":[{"embeddable":true,"href":"https:\/\/radionewsmisiones.ar\/site\/wp-json\/wp\/v2\/users\/3"}],"replies":[{"embeddable":true,"href":"https:\/\/radionewsmisiones.ar\/site\/wp-json\/wp\/v2\/comments?post=33687"}],"version-history":[{"count":1,"href":"https:\/\/radionewsmisiones.ar\/site\/wp-json\/wp\/v2\/posts\/33687\/revisions"}],"predecessor-version":[{"id":33690,"href":"https:\/\/radionewsmisiones.ar\/site\/wp-json\/wp\/v2\/posts\/33687\/revisions\/33690"}],"wp:featuredmedia":[{"embeddable":true,"href":"https:\/\/radionewsmisiones.ar\/site\/wp-json\/wp\/v2\/media\/33689"}],"wp:attachment":[{"href":"https:\/\/radionewsmisiones.ar\/site\/wp-json\/wp\/v2\/media?parent=33687"}],"wp:term":[{"taxonomy":"category","embeddable":true,"href":"https:\/\/radionewsmisiones.ar\/site\/wp-json\/wp\/v2\/categories?post=33687"},{"taxonomy":"post_tag","embeddable":true,"href":"https:\/\/radionewsmisiones.ar\/site\/wp-json\/wp\/v2\/tags?post=33687"}],"curies":[{"name":"wp","href":"https:\/\/api.w.org\/{rel}","templated":true}]}}