{"id":33694,"date":"2025-06-24T07:39:51","date_gmt":"2025-06-24T10:39:51","guid":{"rendered":"https:\/\/radionewsmisiones.ar\/site\/?p=33694"},"modified":"2025-06-24T07:40:03","modified_gmt":"2025-06-24T10:40:03","slug":"reconoceran-a-trabajadoras-de-la-salud-en-una-nueva-entrega-de-las-estatuillas-el-angel-de-la-selva","status":"publish","type":"post","link":"https:\/\/radionewsmisiones.ar\/site\/provinciales\/reconoceran-a-trabajadoras-de-la-salud-en-una-nueva-entrega-de-las-estatuillas-el-angel-de-la-selva\/","title":{"rendered":"Reconocer\u00e1n a trabajadoras de la salud en una nueva entrega de las estatuillas \u201cEl \u00c1ngel de la Selva\u201d"},"content":{"rendered":"\n<p><strong>Este viernes 27 de junio a las 16:00, en el Sal\u00f3n de las Dos Constituciones de la C\u00e1mara de Representantes de Misiones, se llevar\u00e1 a cabo una nueva edici\u00f3n de la entrega de estatuillas \u201cEl \u00c1ngel de la Selva\u201d, un reconocimiento a mujeres de la salud que ejercen su profesi\u00f3n con compromiso, vocaci\u00f3n y solidaridad en distintos puntos de la provincia.<\/strong><\/p>\n\n\n\n<figure class=\"wp-block-image size-large\"><img loading=\"lazy\" width=\"1024\" height=\"683\" src=\"https:\/\/radionewsmisiones.ar\/site\/wp-content\/uploads\/2025\/06\/Dsc-3333-1024x683.jpeg\" alt=\"\" class=\"wp-image-33695\" srcset=\"https:\/\/radionewsmisiones.ar\/site\/wp-content\/uploads\/2025\/06\/Dsc-3333-1024x683.jpeg 1024w, https:\/\/radionewsmisiones.ar\/site\/wp-content\/uploads\/2025\/06\/Dsc-3333-300x200.jpeg 300w, https:\/\/radionewsmisiones.ar\/site\/wp-content\/uploads\/2025\/06\/Dsc-3333-768x512.jpeg 768w, https:\/\/radionewsmisiones.ar\/site\/wp-content\/uploads\/2025\/06\/Dsc-3333-1536x1024.jpeg 1536w, https:\/\/radionewsmisiones.ar\/site\/wp-content\/uploads\/2025\/06\/Dsc-3333.jpeg 1599w\" sizes=\"(max-width: 1024px) 100vw, 1024px\" \/><\/figure>\n\n\n\n<p>Esta distinci\u00f3n fue instituida en el a\u00f1o 2016 durante la presidencia legislativa de Carlos Eduardo Rovira, y continuada por el actual presidente, Oscar Herrera Ahuad. Desde entonces, la entrega se realiza anualmente en homenaje a la m\u00e9dica pionera Marta Teodora Schwarz, nacida el 8 de marzo de 1915, quien fue la primera subsecretaria y ministra de Salud de Misiones.<\/p>\n\n\n\n<p>\u201cEste reconocimiento busca poner en valor el compromiso, la empat\u00eda y la entrega diaria de mujeres que dedican su vida al cuidado de la salud de los misioneros y misioneras\u201d, expres\u00f3 el diputado Mart\u00edn Cesino, presidente de la Comisi\u00f3n de Salud de la Legislatura provincial.<\/p>\n\n\n\n<p>\u201cSon trabajadoras que ejercen en el \u00e1mbito p\u00fablico y privado, con una gran vocaci\u00f3n por proteger integralmente a las familias, las mujeres, los ni\u00f1os y ni\u00f1as de nuestra provincia\u201d, agreg\u00f3.<\/p>\n\n\n\n<p>Las mujeres que reciben la estatuilla son seleccionadas por la Comisi\u00f3n de Salud de la C\u00e1mara de Representantes, el Ministerio de Salud P\u00fablica de la provincia y los 13 colegios profesionales del \u00e1rea.<\/p>\n\n\n\n<p>\u201cSon los propios colegios quienes identifican a las profesionales destacadas, considerando su trayectoria, su compromiso y su rol en la comunidad\u201d, explic\u00f3 Cesino.<\/p>\n\n\n\n<p>En esta edici\u00f3n se reconocer\u00e1 a 32 mujeres. Como en cada oportunidad, la Fundaci\u00f3n Museo Dra. Marta Teodora Schwarz participar\u00e1 activamente del evento con la presentaci\u00f3n de una muestra especial sobre la trayectoria de la m\u00e9dica homenajeada, cuyo legado fue declarado patrimonio por la C\u00e1mara de Representantes.<\/p>\n\n\n\n<p>Las estatuillas \u201cEl \u00c1ngel de la Selva\u201d son realizadas por el Taller de Artes del Fuego, del Parque del Conocimiento, lo que otorga al reconocimiento un car\u00e1cter art\u00edstico y misionero distintivo.<\/p>\n","protected":false},"excerpt":{"rendered":"<p>Este viernes 27 de junio a las 16:00, en el Sal&oacute;n de las Dos Constituciones de la C&aacute;mara de Representantes de Misiones, se llevar&aacute; a cabo una nueva edici&oacute;n de&hellip; <\/p>\n","protected":false},"author":3,"featured_media":33695,"comment_status":"closed","ping_status":"closed","sticky":false,"template":"","format":"standard","meta":{"_monsterinsights_skip_tracking":false,"_monsterinsights_sitenote_active":false,"_monsterinsights_sitenote_note":"","_monsterinsights_sitenote_category":0},"categories":[3],"tags":[7],"aioseo_notices":[],"_links":{"self":[{"href":"https:\/\/radionewsmisiones.ar\/site\/wp-json\/wp\/v2\/posts\/33694"}],"collection":[{"href":"https:\/\/radionewsmisiones.ar\/site\/wp-json\/wp\/v2\/posts"}],"about":[{"href":"https:\/\/radionewsmisiones.ar\/site\/wp-json\/wp\/v2\/types\/post"}],"author":[{"embeddable":true,"href":"https:\/\/radionewsmisiones.ar\/site\/wp-json\/wp\/v2\/users\/3"}],"replies":[{"embeddable":true,"href":"https:\/\/radionewsmisiones.ar\/site\/wp-json\/wp\/v2\/comments?post=33694"}],"version-history":[{"count":1,"href":"https:\/\/radionewsmisiones.ar\/site\/wp-json\/wp\/v2\/posts\/33694\/revisions"}],"predecessor-version":[{"id":33696,"href":"https:\/\/radionewsmisiones.ar\/site\/wp-json\/wp\/v2\/posts\/33694\/revisions\/33696"}],"wp:featuredmedia":[{"embeddable":true,"href":"https:\/\/radionewsmisiones.ar\/site\/wp-json\/wp\/v2\/media\/33695"}],"wp:attachment":[{"href":"https:\/\/radionewsmisiones.ar\/site\/wp-json\/wp\/v2\/media?parent=33694"}],"wp:term":[{"taxonomy":"category","embeddable":true,"href":"https:\/\/radionewsmisiones.ar\/site\/wp-json\/wp\/v2\/categories?post=33694"},{"taxonomy":"post_tag","embeddable":true,"href":"https:\/\/radionewsmisiones.ar\/site\/wp-json\/wp\/v2\/tags?post=33694"}],"curies":[{"name":"wp","href":"https:\/\/api.w.org\/{rel}","templated":true}]}}