{"id":33697,"date":"2025-06-24T10:08:29","date_gmt":"2025-06-24T13:08:29","guid":{"rendered":"https:\/\/radionewsmisiones.ar\/site\/?p=33697"},"modified":"2025-06-24T10:08:58","modified_gmt":"2025-06-24T13:08:58","slug":"pequenos-gigantes-participo-del-congreso-internacional-alsepneo-en-la-uba","status":"publish","type":"post","link":"https:\/\/radionewsmisiones.ar\/site\/provinciales\/pequenos-gigantes-participo-del-congreso-internacional-alsepneo-en-la-uba\/","title":{"rendered":"Peque\u00f1os Gigantes particip\u00f3 del Congreso Internacional ALSEPNEO en la UBA"},"content":{"rendered":"\n<p>La Fundaci\u00f3n Peque\u00f1os Gigantes fue invitada a participar, por segundo a\u00f1o consecutivo, del X\u00b0 Congreso Internacional ALSEPNEO (Asociaci\u00f3n Latinoamericana de Seguimiento Pedi\u00e1trico y Neonatal), que se llev\u00f3 a cabo en el Aula Magna de la Facultad de Medicina de la Universidad de Buenos Aires.<\/p>\n\n\n\n<figure class=\"wp-block-image size-large\"><img loading=\"lazy\" width=\"1024\" height=\"682\" src=\"https:\/\/radionewsmisiones.ar\/site\/wp-content\/uploads\/2025\/06\/WhatsApp-Image-2025-06-24-at-10.04.24-1024x682.jpeg\" alt=\"\" class=\"wp-image-33698\" srcset=\"https:\/\/radionewsmisiones.ar\/site\/wp-content\/uploads\/2025\/06\/WhatsApp-Image-2025-06-24-at-10.04.24-1024x682.jpeg 1024w, https:\/\/radionewsmisiones.ar\/site\/wp-content\/uploads\/2025\/06\/WhatsApp-Image-2025-06-24-at-10.04.24-300x200.jpeg 300w, https:\/\/radionewsmisiones.ar\/site\/wp-content\/uploads\/2025\/06\/WhatsApp-Image-2025-06-24-at-10.04.24-768x512.jpeg 768w, https:\/\/radionewsmisiones.ar\/site\/wp-content\/uploads\/2025\/06\/WhatsApp-Image-2025-06-24-at-10.04.24-1536x1023.jpeg 1536w, https:\/\/radionewsmisiones.ar\/site\/wp-content\/uploads\/2025\/06\/WhatsApp-Image-2025-06-24-at-10.04.24.jpeg 1600w\" sizes=\"(max-width: 1024px) 100vw, 1024px\" \/><\/figure>\n\n\n\n<p>Este encuentro reuni\u00f3 durante tres jornadas intensivas a pediatras, neonat\u00f3logos, enfermeros y profesionales de toda Latinoam\u00e9rica con el objetivo de actualizar conocimientos, compartir experiencias y debatir sobre los avances m\u00e1s recientes en el seguimiento cl\u00ednico y terap\u00e9utico de reci\u00e9n nacidos y ni\u00f1os en etapa de desarrollo.<\/p>\n\n\n\n<p>En este contexto, Peque\u00f1os Gigantes fue la \u00fanica fundaci\u00f3n no m\u00e9dica presente en el congreso, y a su vez, es el \u00fanico centro en el mundo dedicado exclusivamente a la contenci\u00f3n, seguimiento y atenci\u00f3n de ni\u00f1os nacidos prematuros y sus familias de manera gratuita, consolidando su rol pionero y de referencia internacional en esta \u00e1rea.<\/p>\n\n\n\n<p>\u201cEs un orgullo haber representado a nuestra provincia y a toda la Argentina en un congreso internacional tan relevante. Peque\u00f1os Gigantes naci\u00f3 desde el amor y la necesidad, y hoy es el \u00fanico centro en el mundo que acompa\u00f1a de manera integral a ni\u00f1os nacidos prematuros. Haber sido convocados nuevamente como \u00fanica fundaci\u00f3n no m\u00e9dica demuestra que el trabajo comprometido, humano e interdisciplinario que hacemos desde Misiones est\u00e1 marcando un camino a nivel mundial\u201d, Paula Schapovaloff, fundadora de Peque\u00f1os Gigantes.<\/p>\n\n\n\n<p>Adem\u00e1s, Paula Schapovaloff fue disertante del congreso, compartiendo la experiencia de la fundaci\u00f3n y la importancia de una atenci\u00f3n que trascienda lo m\u00e9dico, poniendo el foco en lo humano, lo emocional y lo familiar. Que una organizaci\u00f3n como Peque\u00f1os Gigantes haya tenido un espacio de palabra en este \u00e1mbito cient\u00edfico es un reconocimiento a la tarea transformadora que realiza desde Misiones y una muestra del valor de sumar miradas complementarias en el cuidado de la ni\u00f1ez.<\/p>\n\n\n\n<p>La provincia de Misiones, adem\u00e1s de contar con Peque\u00f1os Gigantes como \u00fanico centro de contenci\u00f3n y seguimiento de ni\u00f1os nacidos prematuros en el mundo, tambi\u00e9n es pionera en pol\u00edticas p\u00fablicas de atenci\u00f3n neonatal. Es la \u00fanica provincia que garantiza el ingreso de familiares las 24 horas a las unidades de cuidados neonatales, promoviendo el v\u00ednculo temprano. Adem\u00e1s, cuenta con una Ley de Protecci\u00f3n del M\u00e9todo Madre Canguro, que promueve el contacto piel a piel entre el beb\u00e9 y su madre o cuidador como parte fundamental del tratamiento y recuperaci\u00f3n del reci\u00e9n nacido. Misiones tambi\u00e9n se destaca por tener un modelo de atenci\u00f3n dedicado a comunidades originarias, con un enfoque intercultural y respetuoso de las particularidades de cada pueblo.<\/p>\n\n\n\n<p>Durante el Congreso se ofrecieron conferencias magistrales a cargo de referentes internacionales, talleres pr\u00e1cticos y espacios de capacitaci\u00f3n espec\u00edfica, fomentando el intercambio interdisciplinario y el fortalecimiento de redes de trabajo en salud. La participaci\u00f3n de Peque\u00f1os Gigantes visibiliza la importancia de integrar la mirada social, emocional y familiar en el abordaje del seguimiento neonatal.<\/p>\n\n\n\n<p>Desde la Fundaci\u00f3n se reafirma el compromiso con el acompa\u00f1amiento integral en cada paso del crecimiento de ni\u00f1os y ni\u00f1as prematuros, desde el hospital hasta el hogar, y poniendo a Misiones en el mapa de las buenas pr\u00e1cticas en salud a nivel mundial<\/p>\n","protected":false},"excerpt":{"rendered":"<p>La Fundaci&oacute;n Peque&ntilde;os Gigantes fue invitada a participar, por segundo a&ntilde;o consecutivo, del X&deg; Congreso Internacional ALSEPNEO (Asociaci&oacute;n Latinoamericana de Seguimiento Pedi&aacute;trico y Neonatal), que se llev&oacute; a cabo en&hellip; <\/p>\n","protected":false},"author":3,"featured_media":33699,"comment_status":"closed","ping_status":"closed","sticky":false,"template":"","format":"standard","meta":{"_monsterinsights_skip_tracking":false,"_monsterinsights_sitenote_active":false,"_monsterinsights_sitenote_note":"","_monsterinsights_sitenote_category":0},"categories":[3],"tags":[743],"aioseo_notices":[],"_links":{"self":[{"href":"https:\/\/radionewsmisiones.ar\/site\/wp-json\/wp\/v2\/posts\/33697"}],"collection":[{"href":"https:\/\/radionewsmisiones.ar\/site\/wp-json\/wp\/v2\/posts"}],"about":[{"href":"https:\/\/radionewsmisiones.ar\/site\/wp-json\/wp\/v2\/types\/post"}],"author":[{"embeddable":true,"href":"https:\/\/radionewsmisiones.ar\/site\/wp-json\/wp\/v2\/users\/3"}],"replies":[{"embeddable":true,"href":"https:\/\/radionewsmisiones.ar\/site\/wp-json\/wp\/v2\/comments?post=33697"}],"version-history":[{"count":1,"href":"https:\/\/radionewsmisiones.ar\/site\/wp-json\/wp\/v2\/posts\/33697\/revisions"}],"predecessor-version":[{"id":33700,"href":"https:\/\/radionewsmisiones.ar\/site\/wp-json\/wp\/v2\/posts\/33697\/revisions\/33700"}],"wp:featuredmedia":[{"embeddable":true,"href":"https:\/\/radionewsmisiones.ar\/site\/wp-json\/wp\/v2\/media\/33699"}],"wp:attachment":[{"href":"https:\/\/radionewsmisiones.ar\/site\/wp-json\/wp\/v2\/media?parent=33697"}],"wp:term":[{"taxonomy":"category","embeddable":true,"href":"https:\/\/radionewsmisiones.ar\/site\/wp-json\/wp\/v2\/categories?post=33697"},{"taxonomy":"post_tag","embeddable":true,"href":"https:\/\/radionewsmisiones.ar\/site\/wp-json\/wp\/v2\/tags?post=33697"}],"curies":[{"name":"wp","href":"https:\/\/api.w.org\/{rel}","templated":true}]}}