{"id":33702,"date":"2025-06-25T07:19:43","date_gmt":"2025-06-25T10:19:43","guid":{"rendered":"https:\/\/radionewsmisiones.ar\/site\/?p=33702"},"modified":"2025-06-25T07:20:14","modified_gmt":"2025-06-25T10:20:14","slug":"el-poder-judicial-de-misiones-lanza-la-campana-solidaria-un-invierno-con-menos-frio-para-acompanar-a-quienes-mas-lo-necesitan","status":"publish","type":"post","link":"https:\/\/radionewsmisiones.ar\/site\/provinciales\/el-poder-judicial-de-misiones-lanza-la-campana-solidaria-un-invierno-con-menos-frio-para-acompanar-a-quienes-mas-lo-necesitan\/","title":{"rendered":"El Poder Judicial de Misiones lanza la campa\u00f1a solidaria \u201cUn invierno con menos fr\u00edo\u201d para acompa\u00f1ar a quienes m\u00e1s lo necesitan"},"content":{"rendered":"\n<p>El invierno comienza a sentirse en toda la Provincia y con \u00e9l se agudizan las necesidades de quienes atraviesan situaciones de vulnerabilidad. Es por esto que, conscientes de esta realidad, el Superior Tribunal de Justicia de la Provincia de Misiones impuls\u00f3 la campa\u00f1a solidaria \u201cUn invierno con menos fr\u00edo\u201d, iniciativa destinada a recolectar ropa de abrigo, frazadas, mantas y alimentos no perecederos con el objetivo de colaborar con las familias y comunidades que m\u00e1s lo necesitan.<\/p>\n\n\n\n<figure class=\"wp-block-image size-large\"><img loading=\"lazy\" width=\"1024\" height=\"632\" src=\"https:\/\/radionewsmisiones.ar\/site\/wp-content\/uploads\/2025\/06\/WhatsApp-Image-2025-06-24-at-10.19.16-1024x632.jpeg\" alt=\"\" class=\"wp-image-33703\" srcset=\"https:\/\/radionewsmisiones.ar\/site\/wp-content\/uploads\/2025\/06\/WhatsApp-Image-2025-06-24-at-10.19.16-1024x632.jpeg 1024w, https:\/\/radionewsmisiones.ar\/site\/wp-content\/uploads\/2025\/06\/WhatsApp-Image-2025-06-24-at-10.19.16-300x185.jpeg 300w, https:\/\/radionewsmisiones.ar\/site\/wp-content\/uploads\/2025\/06\/WhatsApp-Image-2025-06-24-at-10.19.16-768x474.jpeg 768w, https:\/\/radionewsmisiones.ar\/site\/wp-content\/uploads\/2025\/06\/WhatsApp-Image-2025-06-24-at-10.19.16-1536x948.jpeg 1536w, https:\/\/radionewsmisiones.ar\/site\/wp-content\/uploads\/2025\/06\/WhatsApp-Image-2025-06-24-at-10.19.16.jpeg 1600w\" sizes=\"(max-width: 1024px) 100vw, 1024px\" \/><\/figure>\n\n\n\n<p>La propuesta, que nace desde el Superior Tribunal, se extiende a toda la Provincia con el acompa\u00f1amiento de las cinco circunscripciones judiciales a trav\u00e9s de las cabeceras de cada una de ellas. De esta manera se convoca a magistrados, funcionarios, agentes y a toda la comunidad judicial a sumarse a esta red solidaria en la que cada gesto cuenta: un abrigo en buen estado, una manta extra o un paquete de alimentos no perecederos pueden hacer una gran diferencia.<\/p>\n\n\n\n<p>En los d\u00edas contiguos se informar\u00e1 mediante canales institucionales los puntos de recepci\u00f3n de donaciones en cada circunscripci\u00f3n judicial, para que, quienes deseen colaborar, puedan acercar su aporte de forma organizada y accesible<\/p>\n","protected":false},"excerpt":{"rendered":"<p>El invierno comienza a sentirse en toda la Provincia y con &eacute;l se agudizan las necesidades de quienes atraviesan situaciones de vulnerabilidad. Es por esto que, conscientes de esta realidad,&hellip; <\/p>\n","protected":false},"author":3,"featured_media":33704,"comment_status":"closed","ping_status":"closed","sticky":false,"template":"","format":"standard","meta":{"_monsterinsights_skip_tracking":false,"_monsterinsights_sitenote_active":false,"_monsterinsights_sitenote_note":"","_monsterinsights_sitenote_category":0},"categories":[3],"tags":[29],"aioseo_notices":[],"_links":{"self":[{"href":"https:\/\/radionewsmisiones.ar\/site\/wp-json\/wp\/v2\/posts\/33702"}],"collection":[{"href":"https:\/\/radionewsmisiones.ar\/site\/wp-json\/wp\/v2\/posts"}],"about":[{"href":"https:\/\/radionewsmisiones.ar\/site\/wp-json\/wp\/v2\/types\/post"}],"author":[{"embeddable":true,"href":"https:\/\/radionewsmisiones.ar\/site\/wp-json\/wp\/v2\/users\/3"}],"replies":[{"embeddable":true,"href":"https:\/\/radionewsmisiones.ar\/site\/wp-json\/wp\/v2\/comments?post=33702"}],"version-history":[{"count":1,"href":"https:\/\/radionewsmisiones.ar\/site\/wp-json\/wp\/v2\/posts\/33702\/revisions"}],"predecessor-version":[{"id":33705,"href":"https:\/\/radionewsmisiones.ar\/site\/wp-json\/wp\/v2\/posts\/33702\/revisions\/33705"}],"wp:featuredmedia":[{"embeddable":true,"href":"https:\/\/radionewsmisiones.ar\/site\/wp-json\/wp\/v2\/media\/33704"}],"wp:attachment":[{"href":"https:\/\/radionewsmisiones.ar\/site\/wp-json\/wp\/v2\/media?parent=33702"}],"wp:term":[{"taxonomy":"category","embeddable":true,"href":"https:\/\/radionewsmisiones.ar\/site\/wp-json\/wp\/v2\/categories?post=33702"},{"taxonomy":"post_tag","embeddable":true,"href":"https:\/\/radionewsmisiones.ar\/site\/wp-json\/wp\/v2\/tags?post=33702"}],"curies":[{"name":"wp","href":"https:\/\/api.w.org\/{rel}","templated":true}]}}